{"id":624,"date":"2025-11-03T16:16:45","date_gmt":"2025-11-03T14:16:45","guid":{"rendered":"https:\/\/tagesfamilien-risa.ch\/?p=624"},"modified":"2025-11-03T16:16:47","modified_gmt":"2025-11-03T14:16:47","slug":"herbstmarkt-richterswil-2025","status":"publish","type":"post","link":"https:\/\/tagesfamilien-risa.ch\/?p=624","title":{"rendered":"Herbstmarkt Richterswil 2025"},"content":{"rendered":"\n<figure class=\"wp-block-image size-large is-resized\"><img loading=\"lazy\" decoding=\"async\" width=\"1024\" height=\"768\" src=\"https:\/\/tagesfamilien-risa.ch\/wp-content\/uploads\/2025\/11\/Bild-Stand-Herbstmarkt-1-1024x768.png\" alt=\"\" class=\"wp-image-627\" style=\"width:348px;height:auto\" srcset=\"https:\/\/tagesfamilien-risa.ch\/wp-content\/uploads\/2025\/11\/Bild-Stand-Herbstmarkt-1-1024x768.png 1024w, https:\/\/tagesfamilien-risa.ch\/wp-content\/uploads\/2025\/11\/Bild-Stand-Herbstmarkt-1-300x225.png 300w, https:\/\/tagesfamilien-risa.ch\/wp-content\/uploads\/2025\/11\/Bild-Stand-Herbstmarkt-1-768x576.png 768w, https:\/\/tagesfamilien-risa.ch\/wp-content\/uploads\/2025\/11\/Bild-Stand-Herbstmarkt-1-1536x1152.png 1536w, https:\/\/tagesfamilien-risa.ch\/wp-content\/uploads\/2025\/11\/Bild-Stand-Herbstmarkt-1.png 2048w\" sizes=\"auto, (max-width: 1024px) 100vw, 1024px\" \/><\/figure>\n\n\n\n<p>Gemeinsam mit der Kita und dem Elternverein war der Tagesfamilienverein am diesj\u00e4hrigen Herbstmarkt mit dabei! An unserem bunten Stand durften wir trotz Regen und K\u00e4lte einigen interessierten Besucherinnen und Besuchern unser Angebot vorstellen und spannende Gespr\u00e4che f\u00fchren.<br>Ein herzliches Dankesch\u00f6n an alle, die vorbeigeschaut und mitgewirkt haben! \ud83d\udc9b<\/p>\n\n\n\n<p><\/p>\n","protected":false},"excerpt":{"rendered":"<p>Gemeinsam mit der Kita und dem Elternverein war der Tagesfamilienverein am diesj\u00e4hrigen Herbstmarkt mit dabei! An unserem bunten Stand durften wir trotz Regen und K\u00e4lte einigen interessierten Besucherinnen und Besuchern unser Angebot vorstellen und spannende Gespr\u00e4che f\u00fchren.Ein herzliches Dankesch\u00f6n an alle, die vorbeigeschaut und mitgewirkt haben! \ud83d\udc9b<\/p>\n","protected":false},"author":3,"featured_media":0,"comment_status":"closed","ping_status":"closed","sticky":false,"template":"","format":"standard","meta":{"footnotes":""},"categories":[1],"tags":[],"class_list":["post-624","post","type-post","status-publish","format-standard","hentry","category-uncategorized"],"yoast_head":"<!-- This site is optimized with the Yoast SEO plugin v27.4 - https:\/\/yoast.com\/product\/yoast-seo-wordpress\/ -->\n<title>Herbstmarkt Richterswil 2025 - Tagesfamilienverein Richterswil-Samstagern<\/title>\n<meta name=\"robots\" content=\"index, follow, max-snippet:-1, max-image-preview:large, max-video-preview:-1\" \/>\n<link rel=\"canonical\" href=\"https:\/\/tagesfamilien-risa.ch\/?p=624\" \/>\n<meta property=\"og:locale\" content=\"de_DE\" \/>\n<meta property=\"og:type\" content=\"article\" \/>\n<meta property=\"og:title\" content=\"Herbstmarkt Richterswil 2025 - Tagesfamilienverein Richterswil-Samstagern\" \/>\n<meta property=\"og:description\" content=\"Gemeinsam mit der Kita und dem Elternverein war der Tagesfamilienverein am diesj\u00e4hrigen Herbstmarkt mit dabei! An unserem bunten Stand durften wir trotz Regen und K\u00e4lte einigen interessierten Besucherinnen und Besuchern unser Angebot vorstellen und spannende Gespr\u00e4che f\u00fchren.Ein herzliches Dankesch\u00f6n an alle, die vorbeigeschaut und mitgewirkt haben! \ud83d\udc9b\" \/>\n<meta property=\"og:url\" content=\"https:\/\/tagesfamilien-risa.ch\/?p=624\" \/>\n<meta property=\"og:site_name\" content=\"Tagesfamilienverein Richterswil-Samstagern\" \/>\n<meta property=\"article:published_time\" content=\"2025-11-03T14:16:45+00:00\" \/>\n<meta property=\"article:modified_time\" content=\"2025-11-03T14:16:47+00:00\" \/>\n<meta property=\"og:image\" content=\"https:\/\/tagesfamilien-risa.ch\/wp-content\/uploads\/2025\/11\/Bild-Stand-Herbstmarkt-1-1024x768.png\" \/>\n\t<meta property=\"og:image:width\" content=\"1024\" \/>\n\t<meta property=\"og:image:height\" content=\"768\" \/>\n\t<meta property=\"og:image:type\" content=\"image\/png\" \/>\n<meta name=\"author\" content=\"TFV Editor\" \/>\n<meta name=\"twitter:card\" content=\"summary_large_image\" \/>\n<meta name=\"twitter:label1\" content=\"Verfasst von\" \/>\n\t<meta name=\"twitter:data1\" content=\"TFV Editor\" \/>\n<script type=\"application\/ld+json\" class=\"yoast-schema-graph\">{\"@context\":\"https:\\\/\\\/schema.org\",\"@graph\":[{\"@type\":\"Article\",\"@id\":\"https:\\\/\\\/tagesfamilien-risa.ch\\\/?p=624#article\",\"isPartOf\":{\"@id\":\"https:\\\/\\\/tagesfamilien-risa.ch\\\/?p=624\"},\"author\":{\"name\":\"TFV Editor\",\"@id\":\"https:\\\/\\\/tagesfamilien-risa.ch\\\/#\\\/schema\\\/person\\\/61c36b744af003f7b81bcebcdfdbc45d\"},\"headline\":\"Herbstmarkt Richterswil 2025\",\"datePublished\":\"2025-11-03T14:16:45+00:00\",\"dateModified\":\"2025-11-03T14:16:47+00:00\",\"mainEntityOfPage\":{\"@id\":\"https:\\\/\\\/tagesfamilien-risa.ch\\\/?p=624\"},\"wordCount\":54,\"publisher\":{\"@id\":\"https:\\\/\\\/tagesfamilien-risa.ch\\\/#organization\"},\"image\":{\"@id\":\"https:\\\/\\\/tagesfamilien-risa.ch\\\/?p=624#primaryimage\"},\"thumbnailUrl\":\"https:\\\/\\\/tagesfamilien-risa.ch\\\/wp-content\\\/uploads\\\/2025\\\/11\\\/Bild-Stand-Herbstmarkt-1-1024x768.png\",\"articleSection\":[\"Uncategorized\"],\"inLanguage\":\"de\"},{\"@type\":\"WebPage\",\"@id\":\"https:\\\/\\\/tagesfamilien-risa.ch\\\/?p=624\",\"url\":\"https:\\\/\\\/tagesfamilien-risa.ch\\\/?p=624\",\"name\":\"Herbstmarkt Richterswil 2025 - Tagesfamilienverein Richterswil-Samstagern\",\"isPartOf\":{\"@id\":\"https:\\\/\\\/tagesfamilien-risa.ch\\\/#website\"},\"primaryImageOfPage\":{\"@id\":\"https:\\\/\\\/tagesfamilien-risa.ch\\\/?p=624#primaryimage\"},\"image\":{\"@id\":\"https:\\\/\\\/tagesfamilien-risa.ch\\\/?p=624#primaryimage\"},\"thumbnailUrl\":\"https:\\\/\\\/tagesfamilien-risa.ch\\\/wp-content\\\/uploads\\\/2025\\\/11\\\/Bild-Stand-Herbstmarkt-1-1024x768.png\",\"datePublished\":\"2025-11-03T14:16:45+00:00\",\"dateModified\":\"2025-11-03T14:16:47+00:00\",\"breadcrumb\":{\"@id\":\"https:\\\/\\\/tagesfamilien-risa.ch\\\/?p=624#breadcrumb\"},\"inLanguage\":\"de\",\"potentialAction\":[{\"@type\":\"ReadAction\",\"target\":[\"https:\\\/\\\/tagesfamilien-risa.ch\\\/?p=624\"]}]},{\"@type\":\"ImageObject\",\"inLanguage\":\"de\",\"@id\":\"https:\\\/\\\/tagesfamilien-risa.ch\\\/?p=624#primaryimage\",\"url\":\"https:\\\/\\\/tagesfamilien-risa.ch\\\/wp-content\\\/uploads\\\/2025\\\/11\\\/Bild-Stand-Herbstmarkt-1.png\",\"contentUrl\":\"https:\\\/\\\/tagesfamilien-risa.ch\\\/wp-content\\\/uploads\\\/2025\\\/11\\\/Bild-Stand-Herbstmarkt-1.png\",\"width\":2048,\"height\":1536},{\"@type\":\"BreadcrumbList\",\"@id\":\"https:\\\/\\\/tagesfamilien-risa.ch\\\/?p=624#breadcrumb\",\"itemListElement\":[{\"@type\":\"ListItem\",\"position\":1,\"name\":\"Startseite\",\"item\":\"https:\\\/\\\/tagesfamilien-risa.ch\\\/\"},{\"@type\":\"ListItem\",\"position\":2,\"name\":\"Herbstmarkt Richterswil 2025\"}]},{\"@type\":\"WebSite\",\"@id\":\"https:\\\/\\\/tagesfamilien-risa.ch\\\/#website\",\"url\":\"https:\\\/\\\/tagesfamilien-risa.ch\\\/\",\"name\":\"Tagesfamilienverein Richterswil-Samstagern\",\"description\":\"\",\"publisher\":{\"@id\":\"https:\\\/\\\/tagesfamilien-risa.ch\\\/#organization\"},\"potentialAction\":[{\"@type\":\"SearchAction\",\"target\":{\"@type\":\"EntryPoint\",\"urlTemplate\":\"https:\\\/\\\/tagesfamilien-risa.ch\\\/?s={search_term_string}\"},\"query-input\":{\"@type\":\"PropertyValueSpecification\",\"valueRequired\":true,\"valueName\":\"search_term_string\"}}],\"inLanguage\":\"de\"},{\"@type\":\"Organization\",\"@id\":\"https:\\\/\\\/tagesfamilien-risa.ch\\\/#organization\",\"name\":\"Tagesfamilienverein Richterswil-Samstagern\",\"url\":\"https:\\\/\\\/tagesfamilien-risa.ch\\\/\",\"logo\":{\"@type\":\"ImageObject\",\"inLanguage\":\"de\",\"@id\":\"https:\\\/\\\/tagesfamilien-risa.ch\\\/#\\\/schema\\\/logo\\\/image\\\/\",\"url\":\"https:\\\/\\\/tagesfamilien-risa.ch\\\/wp-content\\\/uploads\\\/2021\\\/08\\\/cropped-cropped-Screenshot-2021-06-16-at-22.58.11.png\",\"contentUrl\":\"https:\\\/\\\/tagesfamilien-risa.ch\\\/wp-content\\\/uploads\\\/2021\\\/08\\\/cropped-cropped-Screenshot-2021-06-16-at-22.58.11.png\",\"width\":1048,\"height\":87,\"caption\":\"Tagesfamilienverein Richterswil-Samstagern\"},\"image\":{\"@id\":\"https:\\\/\\\/tagesfamilien-risa.ch\\\/#\\\/schema\\\/logo\\\/image\\\/\"}},{\"@type\":\"Person\",\"@id\":\"https:\\\/\\\/tagesfamilien-risa.ch\\\/#\\\/schema\\\/person\\\/61c36b744af003f7b81bcebcdfdbc45d\",\"name\":\"TFV Editor\",\"url\":\"https:\\\/\\\/tagesfamilien-risa.ch\\\/?author=3\"}]}<\/script>\n<!-- \/ Yoast SEO plugin. -->","yoast_head_json":{"title":"Herbstmarkt Richterswil 2025 - Tagesfamilienverein Richterswil-Samstagern","robots":{"index":"index","follow":"follow","max-snippet":"max-snippet:-1","max-image-preview":"max-image-preview:large","max-video-preview":"max-video-preview:-1"},"canonical":"https:\/\/tagesfamilien-risa.ch\/?p=624","og_locale":"de_DE","og_type":"article","og_title":"Herbstmarkt Richterswil 2025 - Tagesfamilienverein Richterswil-Samstagern","og_description":"Gemeinsam mit der Kita und dem Elternverein war der Tagesfamilienverein am diesj\u00e4hrigen Herbstmarkt mit dabei! An unserem bunten Stand durften wir trotz Regen und K\u00e4lte einigen interessierten Besucherinnen und Besuchern unser Angebot vorstellen und spannende Gespr\u00e4che f\u00fchren.Ein herzliches Dankesch\u00f6n an alle, die vorbeigeschaut und mitgewirkt haben! \ud83d\udc9b","og_url":"https:\/\/tagesfamilien-risa.ch\/?p=624","og_site_name":"Tagesfamilienverein Richterswil-Samstagern","article_published_time":"2025-11-03T14:16:45+00:00","article_modified_time":"2025-11-03T14:16:47+00:00","og_image":[{"width":1024,"height":768,"url":"https:\/\/tagesfamilien-risa.ch\/wp-content\/uploads\/2025\/11\/Bild-Stand-Herbstmarkt-1-1024x768.png","type":"image\/png"}],"author":"TFV Editor","twitter_card":"summary_large_image","twitter_misc":{"Verfasst von":"TFV Editor"},"schema":{"@context":"https:\/\/schema.org","@graph":[{"@type":"Article","@id":"https:\/\/tagesfamilien-risa.ch\/?p=624#article","isPartOf":{"@id":"https:\/\/tagesfamilien-risa.ch\/?p=624"},"author":{"name":"TFV Editor","@id":"https:\/\/tagesfamilien-risa.ch\/#\/schema\/person\/61c36b744af003f7b81bcebcdfdbc45d"},"headline":"Herbstmarkt Richterswil 2025","datePublished":"2025-11-03T14:16:45+00:00","dateModified":"2025-11-03T14:16:47+00:00","mainEntityOfPage":{"@id":"https:\/\/tagesfamilien-risa.ch\/?p=624"},"wordCount":54,"publisher":{"@id":"https:\/\/tagesfamilien-risa.ch\/#organization"},"image":{"@id":"https:\/\/tagesfamilien-risa.ch\/?p=624#primaryimage"},"thumbnailUrl":"https:\/\/tagesfamilien-risa.ch\/wp-content\/uploads\/2025\/11\/Bild-Stand-Herbstmarkt-1-1024x768.png","articleSection":["Uncategorized"],"inLanguage":"de"},{"@type":"WebPage","@id":"https:\/\/tagesfamilien-risa.ch\/?p=624","url":"https:\/\/tagesfamilien-risa.ch\/?p=624","name":"Herbstmarkt Richterswil 2025 - Tagesfamilienverein Richterswil-Samstagern","isPartOf":{"@id":"https:\/\/tagesfamilien-risa.ch\/#website"},"primaryImageOfPage":{"@id":"https:\/\/tagesfamilien-risa.ch\/?p=624#primaryimage"},"image":{"@id":"https:\/\/tagesfamilien-risa.ch\/?p=624#primaryimage"},"thumbnailUrl":"https:\/\/tagesfamilien-risa.ch\/wp-content\/uploads\/2025\/11\/Bild-Stand-Herbstmarkt-1-1024x768.png","datePublished":"2025-11-03T14:16:45+00:00","dateModified":"2025-11-03T14:16:47+00:00","breadcrumb":{"@id":"https:\/\/tagesfamilien-risa.ch\/?p=624#breadcrumb"},"inLanguage":"de","potentialAction":[{"@type":"ReadAction","target":["https:\/\/tagesfamilien-risa.ch\/?p=624"]}]},{"@type":"ImageObject","inLanguage":"de","@id":"https:\/\/tagesfamilien-risa.ch\/?p=624#primaryimage","url":"https:\/\/tagesfamilien-risa.ch\/wp-content\/uploads\/2025\/11\/Bild-Stand-Herbstmarkt-1.png","contentUrl":"https:\/\/tagesfamilien-risa.ch\/wp-content\/uploads\/2025\/11\/Bild-Stand-Herbstmarkt-1.png","width":2048,"height":1536},{"@type":"BreadcrumbList","@id":"https:\/\/tagesfamilien-risa.ch\/?p=624#breadcrumb","itemListElement":[{"@type":"ListItem","position":1,"name":"Startseite","item":"https:\/\/tagesfamilien-risa.ch\/"},{"@type":"ListItem","position":2,"name":"Herbstmarkt Richterswil 2025"}]},{"@type":"WebSite","@id":"https:\/\/tagesfamilien-risa.ch\/#website","url":"https:\/\/tagesfamilien-risa.ch\/","name":"Tagesfamilienverein Richterswil-Samstagern","description":"","publisher":{"@id":"https:\/\/tagesfamilien-risa.ch\/#organization"},"potentialAction":[{"@type":"SearchAction","target":{"@type":"EntryPoint","urlTemplate":"https:\/\/tagesfamilien-risa.ch\/?s={search_term_string}"},"query-input":{"@type":"PropertyValueSpecification","valueRequired":true,"valueName":"search_term_string"}}],"inLanguage":"de"},{"@type":"Organization","@id":"https:\/\/tagesfamilien-risa.ch\/#organization","name":"Tagesfamilienverein Richterswil-Samstagern","url":"https:\/\/tagesfamilien-risa.ch\/","logo":{"@type":"ImageObject","inLanguage":"de","@id":"https:\/\/tagesfamilien-risa.ch\/#\/schema\/logo\/image\/","url":"https:\/\/tagesfamilien-risa.ch\/wp-content\/uploads\/2021\/08\/cropped-cropped-Screenshot-2021-06-16-at-22.58.11.png","contentUrl":"https:\/\/tagesfamilien-risa.ch\/wp-content\/uploads\/2021\/08\/cropped-cropped-Screenshot-2021-06-16-at-22.58.11.png","width":1048,"height":87,"caption":"Tagesfamilienverein Richterswil-Samstagern"},"image":{"@id":"https:\/\/tagesfamilien-risa.ch\/#\/schema\/logo\/image\/"}},{"@type":"Person","@id":"https:\/\/tagesfamilien-risa.ch\/#\/schema\/person\/61c36b744af003f7b81bcebcdfdbc45d","name":"TFV Editor","url":"https:\/\/tagesfamilien-risa.ch\/?author=3"}]}},"_links":{"self":[{"href":"https:\/\/tagesfamilien-risa.ch\/index.php?rest_route=\/wp\/v2\/posts\/624","targetHints":{"allow":["GET"]}}],"collection":[{"href":"https:\/\/tagesfamilien-risa.ch\/index.php?rest_route=\/wp\/v2\/posts"}],"about":[{"href":"https:\/\/tagesfamilien-risa.ch\/index.php?rest_route=\/wp\/v2\/types\/post"}],"author":[{"embeddable":true,"href":"https:\/\/tagesfamilien-risa.ch\/index.php?rest_route=\/wp\/v2\/users\/3"}],"replies":[{"embeddable":true,"href":"https:\/\/tagesfamilien-risa.ch\/index.php?rest_route=%2Fwp%2Fv2%2Fcomments&post=624"}],"version-history":[{"count":3,"href":"https:\/\/tagesfamilien-risa.ch\/index.php?rest_route=\/wp\/v2\/posts\/624\/revisions"}],"predecessor-version":[{"id":628,"href":"https:\/\/tagesfamilien-risa.ch\/index.php?rest_route=\/wp\/v2\/posts\/624\/revisions\/628"}],"wp:attachment":[{"href":"https:\/\/tagesfamilien-risa.ch\/index.php?rest_route=%2Fwp%2Fv2%2Fmedia&parent=624"}],"wp:term":[{"taxonomy":"category","embeddable":true,"href":"https:\/\/tagesfamilien-risa.ch\/index.php?rest_route=%2Fwp%2Fv2%2Fcategories&post=624"},{"taxonomy":"post_tag","embeddable":true,"href":"https:\/\/tagesfamilien-risa.ch\/index.php?rest_route=%2Fwp%2Fv2%2Ftags&post=624"}],"curies":[{"name":"wp","href":"https:\/\/api.w.org\/{rel}","templated":true}]}}