{"id":599,"date":"2025-08-27T11:46:16","date_gmt":"2025-08-27T09:46:16","guid":{"rendered":"https:\/\/tagesfamilien-risa.ch\/?p=599"},"modified":"2025-08-27T11:46:18","modified_gmt":"2025-08-27T09:46:18","slug":"wir-haben-noch-freie-plaetze-2","status":"publish","type":"post","link":"https:\/\/tagesfamilien-risa.ch\/?p=599","title":{"rendered":"Wir haben noch freie Pl\u00e4tze!"},"content":{"rendered":"\n<p id=\"block-d2a05de1-7957-4414-83f3-f0227ce07f92\">Suchen Sie f\u00fcr Ihr Kind eine flexible Betreuung in famili\u00e4rem Umfeld? Dann sind Sie bei uns richtig &#8211; wir haben aktuell noch freie Pl\u00e4tze. Erfahren Sie <a href=\"https:\/\/tagesfamilien-risa.ch\/?page_id=12\">hier<\/a> mehr.<\/p>\n\n\n\n<div class=\"wp-block-columns is-layout-flex wp-container-core-columns-is-layout-9d6595d7 wp-block-columns-is-layout-flex\">\n<div class=\"wp-block-column is-layout-flow wp-block-column-is-layout-flow\" style=\"flex-basis:100%\">\n<p><a href=\"https:\/\/tagesfamilien-risa.ch\/wp-content\/uploads\/2024\/04\/Flyer-TFV-04.2024.pdf\">Flyer &#8222;Tagesfamilienverein&#8220;<\/a><\/p>\n<\/div>\n<\/div>\n\n\n\n<p><\/p>\n","protected":false},"excerpt":{"rendered":"<p>Suchen Sie f\u00fcr Ihr Kind eine flexible Betreuung in famili\u00e4rem Umfeld? Dann sind Sie bei uns richtig &#8211; wir haben aktuell noch freie Pl\u00e4tze. Erfahren Sie hier mehr. Flyer &#8222;Tagesfamilienverein&#8220;<\/p>\n","protected":false},"author":3,"featured_media":0,"comment_status":"closed","ping_status":"closed","sticky":false,"template":"","format":"standard","meta":{"footnotes":""},"categories":[1],"tags":[],"class_list":["post-599","post","type-post","status-publish","format-standard","hentry","category-uncategorized"],"yoast_head":"<!-- This site is optimized with the Yoast SEO plugin v27.4 - https:\/\/yoast.com\/product\/yoast-seo-wordpress\/ -->\n<title>Wir haben noch freie Pl\u00e4tze! - Tagesfamilienverein Richterswil-Samstagern<\/title>\n<meta name=\"robots\" content=\"index, follow, max-snippet:-1, max-image-preview:large, max-video-preview:-1\" \/>\n<link rel=\"canonical\" href=\"https:\/\/tagesfamilien-risa.ch\/?p=599\" \/>\n<meta property=\"og:locale\" content=\"de_DE\" \/>\n<meta property=\"og:type\" content=\"article\" \/>\n<meta property=\"og:title\" content=\"Wir haben noch freie Pl\u00e4tze! - Tagesfamilienverein Richterswil-Samstagern\" \/>\n<meta property=\"og:description\" content=\"Suchen Sie f\u00fcr Ihr Kind eine flexible Betreuung in famili\u00e4rem Umfeld? Dann sind Sie bei uns richtig &#8211; wir haben aktuell noch freie Pl\u00e4tze. Erfahren Sie hier mehr. Flyer &#8222;Tagesfamilienverein&#8220;\" \/>\n<meta property=\"og:url\" content=\"https:\/\/tagesfamilien-risa.ch\/?p=599\" \/>\n<meta property=\"og:site_name\" content=\"Tagesfamilienverein Richterswil-Samstagern\" \/>\n<meta property=\"article:published_time\" content=\"2025-08-27T09:46:16+00:00\" \/>\n<meta property=\"article:modified_time\" content=\"2025-08-27T09:46:18+00:00\" \/>\n<meta name=\"author\" content=\"TFV Editor\" \/>\n<meta name=\"twitter:card\" content=\"summary_large_image\" \/>\n<meta name=\"twitter:label1\" content=\"Verfasst von\" \/>\n\t<meta name=\"twitter:data1\" content=\"TFV Editor\" \/>\n<script type=\"application\/ld+json\" class=\"yoast-schema-graph\">{\"@context\":\"https:\\\/\\\/schema.org\",\"@graph\":[{\"@type\":\"Article\",\"@id\":\"https:\\\/\\\/tagesfamilien-risa.ch\\\/?p=599#article\",\"isPartOf\":{\"@id\":\"https:\\\/\\\/tagesfamilien-risa.ch\\\/?p=599\"},\"author\":{\"name\":\"TFV Editor\",\"@id\":\"https:\\\/\\\/tagesfamilien-risa.ch\\\/#\\\/schema\\\/person\\\/61c36b744af003f7b81bcebcdfdbc45d\"},\"headline\":\"Wir haben noch freie Pl\u00e4tze!\",\"datePublished\":\"2025-08-27T09:46:16+00:00\",\"dateModified\":\"2025-08-27T09:46:18+00:00\",\"mainEntityOfPage\":{\"@id\":\"https:\\\/\\\/tagesfamilien-risa.ch\\\/?p=599\"},\"wordCount\":39,\"publisher\":{\"@id\":\"https:\\\/\\\/tagesfamilien-risa.ch\\\/#organization\"},\"articleSection\":[\"Uncategorized\"],\"inLanguage\":\"de\"},{\"@type\":\"WebPage\",\"@id\":\"https:\\\/\\\/tagesfamilien-risa.ch\\\/?p=599\",\"url\":\"https:\\\/\\\/tagesfamilien-risa.ch\\\/?p=599\",\"name\":\"Wir haben noch freie Pl\u00e4tze! - Tagesfamilienverein Richterswil-Samstagern\",\"isPartOf\":{\"@id\":\"https:\\\/\\\/tagesfamilien-risa.ch\\\/#website\"},\"datePublished\":\"2025-08-27T09:46:16+00:00\",\"dateModified\":\"2025-08-27T09:46:18+00:00\",\"breadcrumb\":{\"@id\":\"https:\\\/\\\/tagesfamilien-risa.ch\\\/?p=599#breadcrumb\"},\"inLanguage\":\"de\",\"potentialAction\":[{\"@type\":\"ReadAction\",\"target\":[\"https:\\\/\\\/tagesfamilien-risa.ch\\\/?p=599\"]}]},{\"@type\":\"BreadcrumbList\",\"@id\":\"https:\\\/\\\/tagesfamilien-risa.ch\\\/?p=599#breadcrumb\",\"itemListElement\":[{\"@type\":\"ListItem\",\"position\":1,\"name\":\"Startseite\",\"item\":\"https:\\\/\\\/tagesfamilien-risa.ch\\\/\"},{\"@type\":\"ListItem\",\"position\":2,\"name\":\"Wir haben noch freie Pl\u00e4tze!\"}]},{\"@type\":\"WebSite\",\"@id\":\"https:\\\/\\\/tagesfamilien-risa.ch\\\/#website\",\"url\":\"https:\\\/\\\/tagesfamilien-risa.ch\\\/\",\"name\":\"Tagesfamilienverein Richterswil-Samstagern\",\"description\":\"\",\"publisher\":{\"@id\":\"https:\\\/\\\/tagesfamilien-risa.ch\\\/#organization\"},\"potentialAction\":[{\"@type\":\"SearchAction\",\"target\":{\"@type\":\"EntryPoint\",\"urlTemplate\":\"https:\\\/\\\/tagesfamilien-risa.ch\\\/?s={search_term_string}\"},\"query-input\":{\"@type\":\"PropertyValueSpecification\",\"valueRequired\":true,\"valueName\":\"search_term_string\"}}],\"inLanguage\":\"de\"},{\"@type\":\"Organization\",\"@id\":\"https:\\\/\\\/tagesfamilien-risa.ch\\\/#organization\",\"name\":\"Tagesfamilienverein Richterswil-Samstagern\",\"url\":\"https:\\\/\\\/tagesfamilien-risa.ch\\\/\",\"logo\":{\"@type\":\"ImageObject\",\"inLanguage\":\"de\",\"@id\":\"https:\\\/\\\/tagesfamilien-risa.ch\\\/#\\\/schema\\\/logo\\\/image\\\/\",\"url\":\"https:\\\/\\\/tagesfamilien-risa.ch\\\/wp-content\\\/uploads\\\/2021\\\/08\\\/cropped-cropped-Screenshot-2021-06-16-at-22.58.11.png\",\"contentUrl\":\"https:\\\/\\\/tagesfamilien-risa.ch\\\/wp-content\\\/uploads\\\/2021\\\/08\\\/cropped-cropped-Screenshot-2021-06-16-at-22.58.11.png\",\"width\":1048,\"height\":87,\"caption\":\"Tagesfamilienverein Richterswil-Samstagern\"},\"image\":{\"@id\":\"https:\\\/\\\/tagesfamilien-risa.ch\\\/#\\\/schema\\\/logo\\\/image\\\/\"}},{\"@type\":\"Person\",\"@id\":\"https:\\\/\\\/tagesfamilien-risa.ch\\\/#\\\/schema\\\/person\\\/61c36b744af003f7b81bcebcdfdbc45d\",\"name\":\"TFV Editor\",\"url\":\"https:\\\/\\\/tagesfamilien-risa.ch\\\/?author=3\"}]}<\/script>\n<!-- \/ Yoast SEO plugin. -->","yoast_head_json":{"title":"Wir haben noch freie Pl\u00e4tze! - Tagesfamilienverein Richterswil-Samstagern","robots":{"index":"index","follow":"follow","max-snippet":"max-snippet:-1","max-image-preview":"max-image-preview:large","max-video-preview":"max-video-preview:-1"},"canonical":"https:\/\/tagesfamilien-risa.ch\/?p=599","og_locale":"de_DE","og_type":"article","og_title":"Wir haben noch freie Pl\u00e4tze! - Tagesfamilienverein Richterswil-Samstagern","og_description":"Suchen Sie f\u00fcr Ihr Kind eine flexible Betreuung in famili\u00e4rem Umfeld? Dann sind Sie bei uns richtig &#8211; wir haben aktuell noch freie Pl\u00e4tze. Erfahren Sie hier mehr. Flyer &#8222;Tagesfamilienverein&#8220;","og_url":"https:\/\/tagesfamilien-risa.ch\/?p=599","og_site_name":"Tagesfamilienverein Richterswil-Samstagern","article_published_time":"2025-08-27T09:46:16+00:00","article_modified_time":"2025-08-27T09:46:18+00:00","author":"TFV Editor","twitter_card":"summary_large_image","twitter_misc":{"Verfasst von":"TFV Editor"},"schema":{"@context":"https:\/\/schema.org","@graph":[{"@type":"Article","@id":"https:\/\/tagesfamilien-risa.ch\/?p=599#article","isPartOf":{"@id":"https:\/\/tagesfamilien-risa.ch\/?p=599"},"author":{"name":"TFV Editor","@id":"https:\/\/tagesfamilien-risa.ch\/#\/schema\/person\/61c36b744af003f7b81bcebcdfdbc45d"},"headline":"Wir haben noch freie Pl\u00e4tze!","datePublished":"2025-08-27T09:46:16+00:00","dateModified":"2025-08-27T09:46:18+00:00","mainEntityOfPage":{"@id":"https:\/\/tagesfamilien-risa.ch\/?p=599"},"wordCount":39,"publisher":{"@id":"https:\/\/tagesfamilien-risa.ch\/#organization"},"articleSection":["Uncategorized"],"inLanguage":"de"},{"@type":"WebPage","@id":"https:\/\/tagesfamilien-risa.ch\/?p=599","url":"https:\/\/tagesfamilien-risa.ch\/?p=599","name":"Wir haben noch freie Pl\u00e4tze! - Tagesfamilienverein Richterswil-Samstagern","isPartOf":{"@id":"https:\/\/tagesfamilien-risa.ch\/#website"},"datePublished":"2025-08-27T09:46:16+00:00","dateModified":"2025-08-27T09:46:18+00:00","breadcrumb":{"@id":"https:\/\/tagesfamilien-risa.ch\/?p=599#breadcrumb"},"inLanguage":"de","potentialAction":[{"@type":"ReadAction","target":["https:\/\/tagesfamilien-risa.ch\/?p=599"]}]},{"@type":"BreadcrumbList","@id":"https:\/\/tagesfamilien-risa.ch\/?p=599#breadcrumb","itemListElement":[{"@type":"ListItem","position":1,"name":"Startseite","item":"https:\/\/tagesfamilien-risa.ch\/"},{"@type":"ListItem","position":2,"name":"Wir haben noch freie Pl\u00e4tze!"}]},{"@type":"WebSite","@id":"https:\/\/tagesfamilien-risa.ch\/#website","url":"https:\/\/tagesfamilien-risa.ch\/","name":"Tagesfamilienverein Richterswil-Samstagern","description":"","publisher":{"@id":"https:\/\/tagesfamilien-risa.ch\/#organization"},"potentialAction":[{"@type":"SearchAction","target":{"@type":"EntryPoint","urlTemplate":"https:\/\/tagesfamilien-risa.ch\/?s={search_term_string}"},"query-input":{"@type":"PropertyValueSpecification","valueRequired":true,"valueName":"search_term_string"}}],"inLanguage":"de"},{"@type":"Organization","@id":"https:\/\/tagesfamilien-risa.ch\/#organization","name":"Tagesfamilienverein Richterswil-Samstagern","url":"https:\/\/tagesfamilien-risa.ch\/","logo":{"@type":"ImageObject","inLanguage":"de","@id":"https:\/\/tagesfamilien-risa.ch\/#\/schema\/logo\/image\/","url":"https:\/\/tagesfamilien-risa.ch\/wp-content\/uploads\/2021\/08\/cropped-cropped-Screenshot-2021-06-16-at-22.58.11.png","contentUrl":"https:\/\/tagesfamilien-risa.ch\/wp-content\/uploads\/2021\/08\/cropped-cropped-Screenshot-2021-06-16-at-22.58.11.png","width":1048,"height":87,"caption":"Tagesfamilienverein Richterswil-Samstagern"},"image":{"@id":"https:\/\/tagesfamilien-risa.ch\/#\/schema\/logo\/image\/"}},{"@type":"Person","@id":"https:\/\/tagesfamilien-risa.ch\/#\/schema\/person\/61c36b744af003f7b81bcebcdfdbc45d","name":"TFV Editor","url":"https:\/\/tagesfamilien-risa.ch\/?author=3"}]}},"_links":{"self":[{"href":"https:\/\/tagesfamilien-risa.ch\/index.php?rest_route=\/wp\/v2\/posts\/599","targetHints":{"allow":["GET"]}}],"collection":[{"href":"https:\/\/tagesfamilien-risa.ch\/index.php?rest_route=\/wp\/v2\/posts"}],"about":[{"href":"https:\/\/tagesfamilien-risa.ch\/index.php?rest_route=\/wp\/v2\/types\/post"}],"author":[{"embeddable":true,"href":"https:\/\/tagesfamilien-risa.ch\/index.php?rest_route=\/wp\/v2\/users\/3"}],"replies":[{"embeddable":true,"href":"https:\/\/tagesfamilien-risa.ch\/index.php?rest_route=%2Fwp%2Fv2%2Fcomments&post=599"}],"version-history":[{"count":2,"href":"https:\/\/tagesfamilien-risa.ch\/index.php?rest_route=\/wp\/v2\/posts\/599\/revisions"}],"predecessor-version":[{"id":601,"href":"https:\/\/tagesfamilien-risa.ch\/index.php?rest_route=\/wp\/v2\/posts\/599\/revisions\/601"}],"wp:attachment":[{"href":"https:\/\/tagesfamilien-risa.ch\/index.php?rest_route=%2Fwp%2Fv2%2Fmedia&parent=599"}],"wp:term":[{"taxonomy":"category","embeddable":true,"href":"https:\/\/tagesfamilien-risa.ch\/index.php?rest_route=%2Fwp%2Fv2%2Fcategories&post=599"},{"taxonomy":"post_tag","embeddable":true,"href":"https:\/\/tagesfamilien-risa.ch\/index.php?rest_route=%2Fwp%2Fv2%2Ftags&post=599"}],"curies":[{"name":"wp","href":"https:\/\/api.w.org\/{rel}","templated":true}]}}