{"id":578,"date":"2025-07-14T15:53:48","date_gmt":"2025-07-14T13:53:48","guid":{"rendered":"https:\/\/tagesfamilien-risa.ch\/?p=578"},"modified":"2025-07-14T16:16:16","modified_gmt":"2025-07-14T14:16:16","slug":"danke-mukta","status":"publish","type":"post","link":"https:\/\/tagesfamilien-risa.ch\/?p=578","title":{"rendered":"DANKE Mukta!"},"content":{"rendered":"\n<p>Nach fast 14 Jahren engagierter T\u00e4tigkeit verabschieden wir uns schweren Herzens von unserer Betreuungsperson Mukta Ciccardini.&nbsp;<\/p>\n\n\n\n<figure class=\"wp-block-image size-large is-resized\"><img loading=\"lazy\" decoding=\"async\" width=\"700\" height=\"1024\" src=\"https:\/\/tagesfamilien-risa.ch\/wp-content\/uploads\/2025\/07\/image-7-700x1024.png\" alt=\"\" class=\"wp-image-587\" style=\"width:207px;height:auto\" srcset=\"https:\/\/tagesfamilien-risa.ch\/wp-content\/uploads\/2025\/07\/image-7-700x1024.png 700w, https:\/\/tagesfamilien-risa.ch\/wp-content\/uploads\/2025\/07\/image-7-205x300.png 205w, https:\/\/tagesfamilien-risa.ch\/wp-content\/uploads\/2025\/07\/image-7-768x1123.png 768w, https:\/\/tagesfamilien-risa.ch\/wp-content\/uploads\/2025\/07\/image-7-1051x1536.png 1051w, https:\/\/tagesfamilien-risa.ch\/wp-content\/uploads\/2025\/07\/image-7-1401x2048.png 1401w, https:\/\/tagesfamilien-risa.ch\/wp-content\/uploads\/2025\/07\/image-7-scaled.png 1751w\" sizes=\"auto, (max-width: 700px) 100vw, 700px\" \/><\/figure>\n\n\n\n<p>Seit ihrem Eintritt im November 2011 hat sie \u00fcber 29 Kinder liebevoll und kompetent auf ihrem Weg begleitet. Ihr grosses Engagement, ihre Verl\u00e4sslichkeit und ihr Einf\u00fchlungsverm\u00f6gen haben nicht nur die Kinder, sondern auch die Eltern sowie das gesamte Tagesfamilienverein-Team sehr gesch\u00e4tzt.<\/p>\n\n\n\n<p>Nun m\u00f6chte sich Mukta vermehrt ihrer beruflichen T\u00e4tigkeit als Kindergartenlehrperson widmen. Wir danken Mukta herzlich f\u00fcr ihren langj\u00e4hrigen Einsatz f\u00fcr unseren Verein und w\u00fcnschen ihr f\u00fcr ihren weiteren Weg von Herzen alles Gute, viel Gl\u00fcck und Gesundheit.<\/p>\n\n\n\n<p>Das ganze Team des Tagesfamilienvereins!<\/p>\n\n\n\n<p><\/p>\n","protected":false},"excerpt":{"rendered":"<p>Nach fast 14 Jahren engagierter T\u00e4tigkeit verabschieden wir uns schweren Herzens von unserer Betreuungsperson Mukta Ciccardini.&nbsp; Seit ihrem Eintritt im November 2011 hat sie \u00fcber 29 Kinder liebevoll und kompetent auf ihrem Weg begleitet. Ihr grosses Engagement, ihre Verl\u00e4sslichkeit und ihr Einf\u00fchlungsverm\u00f6gen haben nicht nur die Kinder, sondern auch die Eltern sowie das gesamte Tagesfamilienverein-Team &hellip; <a href=\"https:\/\/tagesfamilien-risa.ch\/?p=578\" class=\"more-link\"><span class=\"screen-reader-text\">DANKE Mukta!<\/span> weiterlesen<\/a><\/p>\n","protected":false},"author":3,"featured_media":0,"comment_status":"closed","ping_status":"closed","sticky":false,"template":"","format":"standard","meta":{"footnotes":""},"categories":[1],"tags":[],"class_list":["post-578","post","type-post","status-publish","format-standard","hentry","category-uncategorized"],"yoast_head":"<!-- This site is optimized with the Yoast SEO plugin v27.4 - https:\/\/yoast.com\/product\/yoast-seo-wordpress\/ -->\n<title>DANKE Mukta! - Tagesfamilienverein Richterswil-Samstagern<\/title>\n<meta name=\"robots\" content=\"index, follow, max-snippet:-1, max-image-preview:large, max-video-preview:-1\" \/>\n<link rel=\"canonical\" href=\"https:\/\/tagesfamilien-risa.ch\/?p=578\" \/>\n<meta property=\"og:locale\" content=\"de_DE\" \/>\n<meta property=\"og:type\" content=\"article\" \/>\n<meta property=\"og:title\" content=\"DANKE Mukta! - Tagesfamilienverein Richterswil-Samstagern\" \/>\n<meta property=\"og:description\" content=\"Nach fast 14 Jahren engagierter T\u00e4tigkeit verabschieden wir uns schweren Herzens von unserer Betreuungsperson Mukta Ciccardini.&nbsp; Seit ihrem Eintritt im November 2011 hat sie \u00fcber 29 Kinder liebevoll und kompetent auf ihrem Weg begleitet. Ihr grosses Engagement, ihre Verl\u00e4sslichkeit und ihr Einf\u00fchlungsverm\u00f6gen haben nicht nur die Kinder, sondern auch die Eltern sowie das gesamte Tagesfamilienverein-Team &hellip; DANKE Mukta! weiterlesen\" \/>\n<meta property=\"og:url\" content=\"https:\/\/tagesfamilien-risa.ch\/?p=578\" \/>\n<meta property=\"og:site_name\" content=\"Tagesfamilienverein Richterswil-Samstagern\" \/>\n<meta property=\"article:published_time\" content=\"2025-07-14T13:53:48+00:00\" \/>\n<meta property=\"article:modified_time\" content=\"2025-07-14T14:16:16+00:00\" \/>\n<meta property=\"og:image\" content=\"https:\/\/tagesfamilien-risa.ch\/wp-content\/uploads\/2025\/07\/image-7-700x1024.png\" \/>\n\t<meta property=\"og:image:width\" content=\"700\" \/>\n\t<meta property=\"og:image:height\" content=\"1024\" \/>\n\t<meta property=\"og:image:type\" content=\"image\/png\" \/>\n<meta name=\"author\" content=\"TFV Editor\" \/>\n<meta name=\"twitter:card\" content=\"summary_large_image\" \/>\n<meta name=\"twitter:label1\" content=\"Verfasst von\" \/>\n\t<meta name=\"twitter:data1\" content=\"TFV Editor\" \/>\n\t<meta name=\"twitter:label2\" content=\"Gesch\u00e4tzte Lesezeit\" \/>\n\t<meta name=\"twitter:data2\" content=\"1\u00a0Minute\" \/>\n<script type=\"application\/ld+json\" class=\"yoast-schema-graph\">{\"@context\":\"https:\\\/\\\/schema.org\",\"@graph\":[{\"@type\":\"Article\",\"@id\":\"https:\\\/\\\/tagesfamilien-risa.ch\\\/?p=578#article\",\"isPartOf\":{\"@id\":\"https:\\\/\\\/tagesfamilien-risa.ch\\\/?p=578\"},\"author\":{\"name\":\"TFV Editor\",\"@id\":\"https:\\\/\\\/tagesfamilien-risa.ch\\\/#\\\/schema\\\/person\\\/61c36b744af003f7b81bcebcdfdbc45d\"},\"headline\":\"DANKE Mukta!\",\"datePublished\":\"2025-07-14T13:53:48+00:00\",\"dateModified\":\"2025-07-14T14:16:16+00:00\",\"mainEntityOfPage\":{\"@id\":\"https:\\\/\\\/tagesfamilien-risa.ch\\\/?p=578\"},\"wordCount\":112,\"publisher\":{\"@id\":\"https:\\\/\\\/tagesfamilien-risa.ch\\\/#organization\"},\"image\":{\"@id\":\"https:\\\/\\\/tagesfamilien-risa.ch\\\/?p=578#primaryimage\"},\"thumbnailUrl\":\"https:\\\/\\\/tagesfamilien-risa.ch\\\/wp-content\\\/uploads\\\/2025\\\/07\\\/image-7-700x1024.png\",\"articleSection\":[\"Uncategorized\"],\"inLanguage\":\"de\"},{\"@type\":\"WebPage\",\"@id\":\"https:\\\/\\\/tagesfamilien-risa.ch\\\/?p=578\",\"url\":\"https:\\\/\\\/tagesfamilien-risa.ch\\\/?p=578\",\"name\":\"DANKE Mukta! - Tagesfamilienverein Richterswil-Samstagern\",\"isPartOf\":{\"@id\":\"https:\\\/\\\/tagesfamilien-risa.ch\\\/#website\"},\"primaryImageOfPage\":{\"@id\":\"https:\\\/\\\/tagesfamilien-risa.ch\\\/?p=578#primaryimage\"},\"image\":{\"@id\":\"https:\\\/\\\/tagesfamilien-risa.ch\\\/?p=578#primaryimage\"},\"thumbnailUrl\":\"https:\\\/\\\/tagesfamilien-risa.ch\\\/wp-content\\\/uploads\\\/2025\\\/07\\\/image-7-700x1024.png\",\"datePublished\":\"2025-07-14T13:53:48+00:00\",\"dateModified\":\"2025-07-14T14:16:16+00:00\",\"breadcrumb\":{\"@id\":\"https:\\\/\\\/tagesfamilien-risa.ch\\\/?p=578#breadcrumb\"},\"inLanguage\":\"de\",\"potentialAction\":[{\"@type\":\"ReadAction\",\"target\":[\"https:\\\/\\\/tagesfamilien-risa.ch\\\/?p=578\"]}]},{\"@type\":\"ImageObject\",\"inLanguage\":\"de\",\"@id\":\"https:\\\/\\\/tagesfamilien-risa.ch\\\/?p=578#primaryimage\",\"url\":\"https:\\\/\\\/tagesfamilien-risa.ch\\\/wp-content\\\/uploads\\\/2025\\\/07\\\/image-7-scaled.png\",\"contentUrl\":\"https:\\\/\\\/tagesfamilien-risa.ch\\\/wp-content\\\/uploads\\\/2025\\\/07\\\/image-7-scaled.png\",\"width\":1751,\"height\":2560},{\"@type\":\"BreadcrumbList\",\"@id\":\"https:\\\/\\\/tagesfamilien-risa.ch\\\/?p=578#breadcrumb\",\"itemListElement\":[{\"@type\":\"ListItem\",\"position\":1,\"name\":\"Startseite\",\"item\":\"https:\\\/\\\/tagesfamilien-risa.ch\\\/\"},{\"@type\":\"ListItem\",\"position\":2,\"name\":\"DANKE Mukta!\"}]},{\"@type\":\"WebSite\",\"@id\":\"https:\\\/\\\/tagesfamilien-risa.ch\\\/#website\",\"url\":\"https:\\\/\\\/tagesfamilien-risa.ch\\\/\",\"name\":\"Tagesfamilienverein Richterswil-Samstagern\",\"description\":\"\",\"publisher\":{\"@id\":\"https:\\\/\\\/tagesfamilien-risa.ch\\\/#organization\"},\"potentialAction\":[{\"@type\":\"SearchAction\",\"target\":{\"@type\":\"EntryPoint\",\"urlTemplate\":\"https:\\\/\\\/tagesfamilien-risa.ch\\\/?s={search_term_string}\"},\"query-input\":{\"@type\":\"PropertyValueSpecification\",\"valueRequired\":true,\"valueName\":\"search_term_string\"}}],\"inLanguage\":\"de\"},{\"@type\":\"Organization\",\"@id\":\"https:\\\/\\\/tagesfamilien-risa.ch\\\/#organization\",\"name\":\"Tagesfamilienverein Richterswil-Samstagern\",\"url\":\"https:\\\/\\\/tagesfamilien-risa.ch\\\/\",\"logo\":{\"@type\":\"ImageObject\",\"inLanguage\":\"de\",\"@id\":\"https:\\\/\\\/tagesfamilien-risa.ch\\\/#\\\/schema\\\/logo\\\/image\\\/\",\"url\":\"https:\\\/\\\/tagesfamilien-risa.ch\\\/wp-content\\\/uploads\\\/2021\\\/08\\\/cropped-cropped-Screenshot-2021-06-16-at-22.58.11.png\",\"contentUrl\":\"https:\\\/\\\/tagesfamilien-risa.ch\\\/wp-content\\\/uploads\\\/2021\\\/08\\\/cropped-cropped-Screenshot-2021-06-16-at-22.58.11.png\",\"width\":1048,\"height\":87,\"caption\":\"Tagesfamilienverein Richterswil-Samstagern\"},\"image\":{\"@id\":\"https:\\\/\\\/tagesfamilien-risa.ch\\\/#\\\/schema\\\/logo\\\/image\\\/\"}},{\"@type\":\"Person\",\"@id\":\"https:\\\/\\\/tagesfamilien-risa.ch\\\/#\\\/schema\\\/person\\\/61c36b744af003f7b81bcebcdfdbc45d\",\"name\":\"TFV Editor\",\"url\":\"https:\\\/\\\/tagesfamilien-risa.ch\\\/?author=3\"}]}<\/script>\n<!-- \/ Yoast SEO plugin. -->","yoast_head_json":{"title":"DANKE Mukta! - Tagesfamilienverein Richterswil-Samstagern","robots":{"index":"index","follow":"follow","max-snippet":"max-snippet:-1","max-image-preview":"max-image-preview:large","max-video-preview":"max-video-preview:-1"},"canonical":"https:\/\/tagesfamilien-risa.ch\/?p=578","og_locale":"de_DE","og_type":"article","og_title":"DANKE Mukta! - Tagesfamilienverein Richterswil-Samstagern","og_description":"Nach fast 14 Jahren engagierter T\u00e4tigkeit verabschieden wir uns schweren Herzens von unserer Betreuungsperson Mukta Ciccardini.&nbsp; Seit ihrem Eintritt im November 2011 hat sie \u00fcber 29 Kinder liebevoll und kompetent auf ihrem Weg begleitet. Ihr grosses Engagement, ihre Verl\u00e4sslichkeit und ihr Einf\u00fchlungsverm\u00f6gen haben nicht nur die Kinder, sondern auch die Eltern sowie das gesamte Tagesfamilienverein-Team &hellip; DANKE Mukta! weiterlesen","og_url":"https:\/\/tagesfamilien-risa.ch\/?p=578","og_site_name":"Tagesfamilienverein Richterswil-Samstagern","article_published_time":"2025-07-14T13:53:48+00:00","article_modified_time":"2025-07-14T14:16:16+00:00","og_image":[{"width":700,"height":1024,"url":"https:\/\/tagesfamilien-risa.ch\/wp-content\/uploads\/2025\/07\/image-7-700x1024.png","type":"image\/png"}],"author":"TFV Editor","twitter_card":"summary_large_image","twitter_misc":{"Verfasst von":"TFV Editor","Gesch\u00e4tzte Lesezeit":"1\u00a0Minute"},"schema":{"@context":"https:\/\/schema.org","@graph":[{"@type":"Article","@id":"https:\/\/tagesfamilien-risa.ch\/?p=578#article","isPartOf":{"@id":"https:\/\/tagesfamilien-risa.ch\/?p=578"},"author":{"name":"TFV Editor","@id":"https:\/\/tagesfamilien-risa.ch\/#\/schema\/person\/61c36b744af003f7b81bcebcdfdbc45d"},"headline":"DANKE Mukta!","datePublished":"2025-07-14T13:53:48+00:00","dateModified":"2025-07-14T14:16:16+00:00","mainEntityOfPage":{"@id":"https:\/\/tagesfamilien-risa.ch\/?p=578"},"wordCount":112,"publisher":{"@id":"https:\/\/tagesfamilien-risa.ch\/#organization"},"image":{"@id":"https:\/\/tagesfamilien-risa.ch\/?p=578#primaryimage"},"thumbnailUrl":"https:\/\/tagesfamilien-risa.ch\/wp-content\/uploads\/2025\/07\/image-7-700x1024.png","articleSection":["Uncategorized"],"inLanguage":"de"},{"@type":"WebPage","@id":"https:\/\/tagesfamilien-risa.ch\/?p=578","url":"https:\/\/tagesfamilien-risa.ch\/?p=578","name":"DANKE Mukta! - Tagesfamilienverein Richterswil-Samstagern","isPartOf":{"@id":"https:\/\/tagesfamilien-risa.ch\/#website"},"primaryImageOfPage":{"@id":"https:\/\/tagesfamilien-risa.ch\/?p=578#primaryimage"},"image":{"@id":"https:\/\/tagesfamilien-risa.ch\/?p=578#primaryimage"},"thumbnailUrl":"https:\/\/tagesfamilien-risa.ch\/wp-content\/uploads\/2025\/07\/image-7-700x1024.png","datePublished":"2025-07-14T13:53:48+00:00","dateModified":"2025-07-14T14:16:16+00:00","breadcrumb":{"@id":"https:\/\/tagesfamilien-risa.ch\/?p=578#breadcrumb"},"inLanguage":"de","potentialAction":[{"@type":"ReadAction","target":["https:\/\/tagesfamilien-risa.ch\/?p=578"]}]},{"@type":"ImageObject","inLanguage":"de","@id":"https:\/\/tagesfamilien-risa.ch\/?p=578#primaryimage","url":"https:\/\/tagesfamilien-risa.ch\/wp-content\/uploads\/2025\/07\/image-7-scaled.png","contentUrl":"https:\/\/tagesfamilien-risa.ch\/wp-content\/uploads\/2025\/07\/image-7-scaled.png","width":1751,"height":2560},{"@type":"BreadcrumbList","@id":"https:\/\/tagesfamilien-risa.ch\/?p=578#breadcrumb","itemListElement":[{"@type":"ListItem","position":1,"name":"Startseite","item":"https:\/\/tagesfamilien-risa.ch\/"},{"@type":"ListItem","position":2,"name":"DANKE Mukta!"}]},{"@type":"WebSite","@id":"https:\/\/tagesfamilien-risa.ch\/#website","url":"https:\/\/tagesfamilien-risa.ch\/","name":"Tagesfamilienverein Richterswil-Samstagern","description":"","publisher":{"@id":"https:\/\/tagesfamilien-risa.ch\/#organization"},"potentialAction":[{"@type":"SearchAction","target":{"@type":"EntryPoint","urlTemplate":"https:\/\/tagesfamilien-risa.ch\/?s={search_term_string}"},"query-input":{"@type":"PropertyValueSpecification","valueRequired":true,"valueName":"search_term_string"}}],"inLanguage":"de"},{"@type":"Organization","@id":"https:\/\/tagesfamilien-risa.ch\/#organization","name":"Tagesfamilienverein Richterswil-Samstagern","url":"https:\/\/tagesfamilien-risa.ch\/","logo":{"@type":"ImageObject","inLanguage":"de","@id":"https:\/\/tagesfamilien-risa.ch\/#\/schema\/logo\/image\/","url":"https:\/\/tagesfamilien-risa.ch\/wp-content\/uploads\/2021\/08\/cropped-cropped-Screenshot-2021-06-16-at-22.58.11.png","contentUrl":"https:\/\/tagesfamilien-risa.ch\/wp-content\/uploads\/2021\/08\/cropped-cropped-Screenshot-2021-06-16-at-22.58.11.png","width":1048,"height":87,"caption":"Tagesfamilienverein Richterswil-Samstagern"},"image":{"@id":"https:\/\/tagesfamilien-risa.ch\/#\/schema\/logo\/image\/"}},{"@type":"Person","@id":"https:\/\/tagesfamilien-risa.ch\/#\/schema\/person\/61c36b744af003f7b81bcebcdfdbc45d","name":"TFV Editor","url":"https:\/\/tagesfamilien-risa.ch\/?author=3"}]}},"_links":{"self":[{"href":"https:\/\/tagesfamilien-risa.ch\/index.php?rest_route=\/wp\/v2\/posts\/578","targetHints":{"allow":["GET"]}}],"collection":[{"href":"https:\/\/tagesfamilien-risa.ch\/index.php?rest_route=\/wp\/v2\/posts"}],"about":[{"href":"https:\/\/tagesfamilien-risa.ch\/index.php?rest_route=\/wp\/v2\/types\/post"}],"author":[{"embeddable":true,"href":"https:\/\/tagesfamilien-risa.ch\/index.php?rest_route=\/wp\/v2\/users\/3"}],"replies":[{"embeddable":true,"href":"https:\/\/tagesfamilien-risa.ch\/index.php?rest_route=%2Fwp%2Fv2%2Fcomments&post=578"}],"version-history":[{"count":2,"href":"https:\/\/tagesfamilien-risa.ch\/index.php?rest_route=\/wp\/v2\/posts\/578\/revisions"}],"predecessor-version":[{"id":590,"href":"https:\/\/tagesfamilien-risa.ch\/index.php?rest_route=\/wp\/v2\/posts\/578\/revisions\/590"}],"wp:attachment":[{"href":"https:\/\/tagesfamilien-risa.ch\/index.php?rest_route=%2Fwp%2Fv2%2Fmedia&parent=578"}],"wp:term":[{"taxonomy":"category","embeddable":true,"href":"https:\/\/tagesfamilien-risa.ch\/index.php?rest_route=%2Fwp%2Fv2%2Fcategories&post=578"},{"taxonomy":"post_tag","embeddable":true,"href":"https:\/\/tagesfamilien-risa.ch\/index.php?rest_route=%2Fwp%2Fv2%2Ftags&post=578"}],"curies":[{"name":"wp","href":"https:\/\/api.w.org\/{rel}","templated":true}]}}