{"id":278,"date":"2023-07-16T16:59:38","date_gmt":"2023-07-16T14:59:38","guid":{"rendered":"https:\/\/tagesfamilien-risa.ch\/?p=278"},"modified":"2024-11-27T18:09:52","modified_gmt":"2024-11-27T16:09:52","slug":"sommer-apero-2023","status":"publish","type":"post","link":"https:\/\/tagesfamilien-risa.ch\/?p=278","title":{"rendered":"Sommer-Ap\u00e9ro 2023"},"content":{"rendered":"\n<div class=\"wp-block-group is-nowrap is-layout-flex wp-container-core-group-is-layout-ad2f72ca wp-block-group-is-layout-flex\">\n<p>Der Vorstand hat am 29. Juni 2023 die Betreuungspersonen, Vermittlerin und Sekretariat zu einem Sommer-Ap\u00e9ro eingeladen, als kleines Dankesch\u00f6n f\u00fcr ihre Arbeit das ganze Jahr hindurch.<\/p>\n\n\n\n<div class=\"wp-block-group is-vertical is-layout-flex wp-container-core-group-is-layout-8cf370e7 wp-block-group-is-layout-flex\">\n<figure class=\"wp-block-gallery has-nested-images columns-default is-cropped wp-block-gallery-1 is-layout-flex wp-block-gallery-is-layout-flex\">\n<figure class=\"wp-block-image size-large\"><img loading=\"lazy\" decoding=\"async\" width=\"768\" height=\"1024\" data-id=\"284\" src=\"https:\/\/tagesfamilien-risa.ch\/wp-content\/uploads\/2023\/07\/1284165b-8b76-46a5-9258-e4319bfbe79e.jpg\" alt=\"\" class=\"wp-image-284\" srcset=\"https:\/\/tagesfamilien-risa.ch\/wp-content\/uploads\/2023\/07\/1284165b-8b76-46a5-9258-e4319bfbe79e.jpg 768w, https:\/\/tagesfamilien-risa.ch\/wp-content\/uploads\/2023\/07\/1284165b-8b76-46a5-9258-e4319bfbe79e-225x300.jpg 225w\" sizes=\"auto, (max-width: 768px) 100vw, 768px\" \/><\/figure>\n\n\n\n<figure class=\"wp-block-image size-large\"><img loading=\"lazy\" decoding=\"async\" width=\"768\" height=\"1024\" data-id=\"281\" src=\"https:\/\/tagesfamilien-risa.ch\/wp-content\/uploads\/2023\/07\/16ca3a70-bd73-4c23-98bc-71b03dab45df.jpg\" alt=\"\" class=\"wp-image-281\" srcset=\"https:\/\/tagesfamilien-risa.ch\/wp-content\/uploads\/2023\/07\/16ca3a70-bd73-4c23-98bc-71b03dab45df.jpg 768w, https:\/\/tagesfamilien-risa.ch\/wp-content\/uploads\/2023\/07\/16ca3a70-bd73-4c23-98bc-71b03dab45df-225x300.jpg 225w\" sizes=\"auto, (max-width: 768px) 100vw, 768px\" \/><\/figure>\n<\/figure>\n<\/div>\n<\/div>\n\n\n\n<p><\/p>\n","protected":false},"excerpt":{"rendered":"<p>Der Vorstand hat am 29. Juni 2023 die Betreuungspersonen, Vermittlerin und Sekretariat zu einem Sommer-Ap\u00e9ro eingeladen, als kleines Dankesch\u00f6n f\u00fcr ihre Arbeit das ganze Jahr hindurch.<\/p>\n","protected":false},"author":3,"featured_media":0,"comment_status":"closed","ping_status":"closed","sticky":false,"template":"","format":"standard","meta":{"footnotes":""},"categories":[1],"tags":[],"class_list":["post-278","post","type-post","status-publish","format-standard","hentry","category-uncategorized"],"yoast_head":"<!-- This site is optimized with the Yoast SEO plugin v27.4 - https:\/\/yoast.com\/product\/yoast-seo-wordpress\/ -->\n<title>Sommer-Ap\u00e9ro 2023 - Tagesfamilienverein Richterswil-Samstagern<\/title>\n<meta name=\"robots\" content=\"index, follow, max-snippet:-1, max-image-preview:large, max-video-preview:-1\" \/>\n<link rel=\"canonical\" href=\"https:\/\/tagesfamilien-risa.ch\/?p=278\" \/>\n<meta property=\"og:locale\" content=\"de_DE\" \/>\n<meta property=\"og:type\" content=\"article\" \/>\n<meta property=\"og:title\" content=\"Sommer-Ap\u00e9ro 2023 - Tagesfamilienverein Richterswil-Samstagern\" \/>\n<meta property=\"og:description\" content=\"Der Vorstand hat am 29. Juni 2023 die Betreuungspersonen, Vermittlerin und Sekretariat zu einem Sommer-Ap\u00e9ro eingeladen, als kleines Dankesch\u00f6n f\u00fcr ihre Arbeit das ganze Jahr hindurch.\" \/>\n<meta property=\"og:url\" content=\"https:\/\/tagesfamilien-risa.ch\/?p=278\" \/>\n<meta property=\"og:site_name\" content=\"Tagesfamilienverein Richterswil-Samstagern\" \/>\n<meta property=\"article:published_time\" content=\"2023-07-16T14:59:38+00:00\" \/>\n<meta property=\"article:modified_time\" content=\"2024-11-27T16:09:52+00:00\" \/>\n<meta property=\"og:image\" content=\"https:\/\/tagesfamilien-risa.ch\/wp-content\/uploads\/2023\/07\/1284165b-8b76-46a5-9258-e4319bfbe79e.jpg\" \/>\n\t<meta property=\"og:image:width\" content=\"768\" \/>\n\t<meta property=\"og:image:height\" content=\"1024\" \/>\n\t<meta property=\"og:image:type\" content=\"image\/jpeg\" \/>\n<meta name=\"author\" content=\"TFV Editor\" \/>\n<meta name=\"twitter:card\" content=\"summary_large_image\" \/>\n<meta name=\"twitter:label1\" content=\"Verfasst von\" \/>\n\t<meta name=\"twitter:data1\" content=\"TFV Editor\" \/>\n<script type=\"application\/ld+json\" class=\"yoast-schema-graph\">{\"@context\":\"https:\\\/\\\/schema.org\",\"@graph\":[{\"@type\":\"Article\",\"@id\":\"https:\\\/\\\/tagesfamilien-risa.ch\\\/?p=278#article\",\"isPartOf\":{\"@id\":\"https:\\\/\\\/tagesfamilien-risa.ch\\\/?p=278\"},\"author\":{\"name\":\"TFV Editor\",\"@id\":\"https:\\\/\\\/tagesfamilien-risa.ch\\\/#\\\/schema\\\/person\\\/61c36b744af003f7b81bcebcdfdbc45d\"},\"headline\":\"Sommer-Ap\u00e9ro 2023\",\"datePublished\":\"2023-07-16T14:59:38+00:00\",\"dateModified\":\"2024-11-27T16:09:52+00:00\",\"mainEntityOfPage\":{\"@id\":\"https:\\\/\\\/tagesfamilien-risa.ch\\\/?p=278\"},\"wordCount\":29,\"publisher\":{\"@id\":\"https:\\\/\\\/tagesfamilien-risa.ch\\\/#organization\"},\"image\":{\"@id\":\"https:\\\/\\\/tagesfamilien-risa.ch\\\/?p=278#primaryimage\"},\"thumbnailUrl\":\"https:\\\/\\\/tagesfamilien-risa.ch\\\/wp-content\\\/uploads\\\/2023\\\/07\\\/1284165b-8b76-46a5-9258-e4319bfbe79e.jpg\",\"articleSection\":[\"Uncategorized\"],\"inLanguage\":\"de\"},{\"@type\":\"WebPage\",\"@id\":\"https:\\\/\\\/tagesfamilien-risa.ch\\\/?p=278\",\"url\":\"https:\\\/\\\/tagesfamilien-risa.ch\\\/?p=278\",\"name\":\"Sommer-Ap\u00e9ro 2023 - Tagesfamilienverein Richterswil-Samstagern\",\"isPartOf\":{\"@id\":\"https:\\\/\\\/tagesfamilien-risa.ch\\\/#website\"},\"primaryImageOfPage\":{\"@id\":\"https:\\\/\\\/tagesfamilien-risa.ch\\\/?p=278#primaryimage\"},\"image\":{\"@id\":\"https:\\\/\\\/tagesfamilien-risa.ch\\\/?p=278#primaryimage\"},\"thumbnailUrl\":\"https:\\\/\\\/tagesfamilien-risa.ch\\\/wp-content\\\/uploads\\\/2023\\\/07\\\/1284165b-8b76-46a5-9258-e4319bfbe79e.jpg\",\"datePublished\":\"2023-07-16T14:59:38+00:00\",\"dateModified\":\"2024-11-27T16:09:52+00:00\",\"breadcrumb\":{\"@id\":\"https:\\\/\\\/tagesfamilien-risa.ch\\\/?p=278#breadcrumb\"},\"inLanguage\":\"de\",\"potentialAction\":[{\"@type\":\"ReadAction\",\"target\":[\"https:\\\/\\\/tagesfamilien-risa.ch\\\/?p=278\"]}]},{\"@type\":\"ImageObject\",\"inLanguage\":\"de\",\"@id\":\"https:\\\/\\\/tagesfamilien-risa.ch\\\/?p=278#primaryimage\",\"url\":\"https:\\\/\\\/tagesfamilien-risa.ch\\\/wp-content\\\/uploads\\\/2023\\\/07\\\/1284165b-8b76-46a5-9258-e4319bfbe79e.jpg\",\"contentUrl\":\"https:\\\/\\\/tagesfamilien-risa.ch\\\/wp-content\\\/uploads\\\/2023\\\/07\\\/1284165b-8b76-46a5-9258-e4319bfbe79e.jpg\",\"width\":768,\"height\":1024},{\"@type\":\"BreadcrumbList\",\"@id\":\"https:\\\/\\\/tagesfamilien-risa.ch\\\/?p=278#breadcrumb\",\"itemListElement\":[{\"@type\":\"ListItem\",\"position\":1,\"name\":\"Startseite\",\"item\":\"https:\\\/\\\/tagesfamilien-risa.ch\\\/\"},{\"@type\":\"ListItem\",\"position\":2,\"name\":\"Sommer-Ap\u00e9ro 2023\"}]},{\"@type\":\"WebSite\",\"@id\":\"https:\\\/\\\/tagesfamilien-risa.ch\\\/#website\",\"url\":\"https:\\\/\\\/tagesfamilien-risa.ch\\\/\",\"name\":\"Tagesfamilienverein Richterswil-Samstagern\",\"description\":\"\",\"publisher\":{\"@id\":\"https:\\\/\\\/tagesfamilien-risa.ch\\\/#organization\"},\"potentialAction\":[{\"@type\":\"SearchAction\",\"target\":{\"@type\":\"EntryPoint\",\"urlTemplate\":\"https:\\\/\\\/tagesfamilien-risa.ch\\\/?s={search_term_string}\"},\"query-input\":{\"@type\":\"PropertyValueSpecification\",\"valueRequired\":true,\"valueName\":\"search_term_string\"}}],\"inLanguage\":\"de\"},{\"@type\":\"Organization\",\"@id\":\"https:\\\/\\\/tagesfamilien-risa.ch\\\/#organization\",\"name\":\"Tagesfamilienverein Richterswil-Samstagern\",\"url\":\"https:\\\/\\\/tagesfamilien-risa.ch\\\/\",\"logo\":{\"@type\":\"ImageObject\",\"inLanguage\":\"de\",\"@id\":\"https:\\\/\\\/tagesfamilien-risa.ch\\\/#\\\/schema\\\/logo\\\/image\\\/\",\"url\":\"https:\\\/\\\/tagesfamilien-risa.ch\\\/wp-content\\\/uploads\\\/2021\\\/08\\\/cropped-cropped-Screenshot-2021-06-16-at-22.58.11.png\",\"contentUrl\":\"https:\\\/\\\/tagesfamilien-risa.ch\\\/wp-content\\\/uploads\\\/2021\\\/08\\\/cropped-cropped-Screenshot-2021-06-16-at-22.58.11.png\",\"width\":1048,\"height\":87,\"caption\":\"Tagesfamilienverein Richterswil-Samstagern\"},\"image\":{\"@id\":\"https:\\\/\\\/tagesfamilien-risa.ch\\\/#\\\/schema\\\/logo\\\/image\\\/\"}},{\"@type\":\"Person\",\"@id\":\"https:\\\/\\\/tagesfamilien-risa.ch\\\/#\\\/schema\\\/person\\\/61c36b744af003f7b81bcebcdfdbc45d\",\"name\":\"TFV Editor\",\"url\":\"https:\\\/\\\/tagesfamilien-risa.ch\\\/?author=3\"}]}<\/script>\n<!-- \/ Yoast SEO plugin. -->","yoast_head_json":{"title":"Sommer-Ap\u00e9ro 2023 - Tagesfamilienverein Richterswil-Samstagern","robots":{"index":"index","follow":"follow","max-snippet":"max-snippet:-1","max-image-preview":"max-image-preview:large","max-video-preview":"max-video-preview:-1"},"canonical":"https:\/\/tagesfamilien-risa.ch\/?p=278","og_locale":"de_DE","og_type":"article","og_title":"Sommer-Ap\u00e9ro 2023 - Tagesfamilienverein Richterswil-Samstagern","og_description":"Der Vorstand hat am 29. Juni 2023 die Betreuungspersonen, Vermittlerin und Sekretariat zu einem Sommer-Ap\u00e9ro eingeladen, als kleines Dankesch\u00f6n f\u00fcr ihre Arbeit das ganze Jahr hindurch.","og_url":"https:\/\/tagesfamilien-risa.ch\/?p=278","og_site_name":"Tagesfamilienverein Richterswil-Samstagern","article_published_time":"2023-07-16T14:59:38+00:00","article_modified_time":"2024-11-27T16:09:52+00:00","og_image":[{"width":768,"height":1024,"url":"https:\/\/tagesfamilien-risa.ch\/wp-content\/uploads\/2023\/07\/1284165b-8b76-46a5-9258-e4319bfbe79e.jpg","type":"image\/jpeg"}],"author":"TFV Editor","twitter_card":"summary_large_image","twitter_misc":{"Verfasst von":"TFV Editor"},"schema":{"@context":"https:\/\/schema.org","@graph":[{"@type":"Article","@id":"https:\/\/tagesfamilien-risa.ch\/?p=278#article","isPartOf":{"@id":"https:\/\/tagesfamilien-risa.ch\/?p=278"},"author":{"name":"TFV Editor","@id":"https:\/\/tagesfamilien-risa.ch\/#\/schema\/person\/61c36b744af003f7b81bcebcdfdbc45d"},"headline":"Sommer-Ap\u00e9ro 2023","datePublished":"2023-07-16T14:59:38+00:00","dateModified":"2024-11-27T16:09:52+00:00","mainEntityOfPage":{"@id":"https:\/\/tagesfamilien-risa.ch\/?p=278"},"wordCount":29,"publisher":{"@id":"https:\/\/tagesfamilien-risa.ch\/#organization"},"image":{"@id":"https:\/\/tagesfamilien-risa.ch\/?p=278#primaryimage"},"thumbnailUrl":"https:\/\/tagesfamilien-risa.ch\/wp-content\/uploads\/2023\/07\/1284165b-8b76-46a5-9258-e4319bfbe79e.jpg","articleSection":["Uncategorized"],"inLanguage":"de"},{"@type":"WebPage","@id":"https:\/\/tagesfamilien-risa.ch\/?p=278","url":"https:\/\/tagesfamilien-risa.ch\/?p=278","name":"Sommer-Ap\u00e9ro 2023 - Tagesfamilienverein Richterswil-Samstagern","isPartOf":{"@id":"https:\/\/tagesfamilien-risa.ch\/#website"},"primaryImageOfPage":{"@id":"https:\/\/tagesfamilien-risa.ch\/?p=278#primaryimage"},"image":{"@id":"https:\/\/tagesfamilien-risa.ch\/?p=278#primaryimage"},"thumbnailUrl":"https:\/\/tagesfamilien-risa.ch\/wp-content\/uploads\/2023\/07\/1284165b-8b76-46a5-9258-e4319bfbe79e.jpg","datePublished":"2023-07-16T14:59:38+00:00","dateModified":"2024-11-27T16:09:52+00:00","breadcrumb":{"@id":"https:\/\/tagesfamilien-risa.ch\/?p=278#breadcrumb"},"inLanguage":"de","potentialAction":[{"@type":"ReadAction","target":["https:\/\/tagesfamilien-risa.ch\/?p=278"]}]},{"@type":"ImageObject","inLanguage":"de","@id":"https:\/\/tagesfamilien-risa.ch\/?p=278#primaryimage","url":"https:\/\/tagesfamilien-risa.ch\/wp-content\/uploads\/2023\/07\/1284165b-8b76-46a5-9258-e4319bfbe79e.jpg","contentUrl":"https:\/\/tagesfamilien-risa.ch\/wp-content\/uploads\/2023\/07\/1284165b-8b76-46a5-9258-e4319bfbe79e.jpg","width":768,"height":1024},{"@type":"BreadcrumbList","@id":"https:\/\/tagesfamilien-risa.ch\/?p=278#breadcrumb","itemListElement":[{"@type":"ListItem","position":1,"name":"Startseite","item":"https:\/\/tagesfamilien-risa.ch\/"},{"@type":"ListItem","position":2,"name":"Sommer-Ap\u00e9ro 2023"}]},{"@type":"WebSite","@id":"https:\/\/tagesfamilien-risa.ch\/#website","url":"https:\/\/tagesfamilien-risa.ch\/","name":"Tagesfamilienverein Richterswil-Samstagern","description":"","publisher":{"@id":"https:\/\/tagesfamilien-risa.ch\/#organization"},"potentialAction":[{"@type":"SearchAction","target":{"@type":"EntryPoint","urlTemplate":"https:\/\/tagesfamilien-risa.ch\/?s={search_term_string}"},"query-input":{"@type":"PropertyValueSpecification","valueRequired":true,"valueName":"search_term_string"}}],"inLanguage":"de"},{"@type":"Organization","@id":"https:\/\/tagesfamilien-risa.ch\/#organization","name":"Tagesfamilienverein Richterswil-Samstagern","url":"https:\/\/tagesfamilien-risa.ch\/","logo":{"@type":"ImageObject","inLanguage":"de","@id":"https:\/\/tagesfamilien-risa.ch\/#\/schema\/logo\/image\/","url":"https:\/\/tagesfamilien-risa.ch\/wp-content\/uploads\/2021\/08\/cropped-cropped-Screenshot-2021-06-16-at-22.58.11.png","contentUrl":"https:\/\/tagesfamilien-risa.ch\/wp-content\/uploads\/2021\/08\/cropped-cropped-Screenshot-2021-06-16-at-22.58.11.png","width":1048,"height":87,"caption":"Tagesfamilienverein Richterswil-Samstagern"},"image":{"@id":"https:\/\/tagesfamilien-risa.ch\/#\/schema\/logo\/image\/"}},{"@type":"Person","@id":"https:\/\/tagesfamilien-risa.ch\/#\/schema\/person\/61c36b744af003f7b81bcebcdfdbc45d","name":"TFV Editor","url":"https:\/\/tagesfamilien-risa.ch\/?author=3"}]}},"_links":{"self":[{"href":"https:\/\/tagesfamilien-risa.ch\/index.php?rest_route=\/wp\/v2\/posts\/278","targetHints":{"allow":["GET"]}}],"collection":[{"href":"https:\/\/tagesfamilien-risa.ch\/index.php?rest_route=\/wp\/v2\/posts"}],"about":[{"href":"https:\/\/tagesfamilien-risa.ch\/index.php?rest_route=\/wp\/v2\/types\/post"}],"author":[{"embeddable":true,"href":"https:\/\/tagesfamilien-risa.ch\/index.php?rest_route=\/wp\/v2\/users\/3"}],"replies":[{"embeddable":true,"href":"https:\/\/tagesfamilien-risa.ch\/index.php?rest_route=%2Fwp%2Fv2%2Fcomments&post=278"}],"version-history":[{"count":10,"href":"https:\/\/tagesfamilien-risa.ch\/index.php?rest_route=\/wp\/v2\/posts\/278\/revisions"}],"predecessor-version":[{"id":477,"href":"https:\/\/tagesfamilien-risa.ch\/index.php?rest_route=\/wp\/v2\/posts\/278\/revisions\/477"}],"wp:attachment":[{"href":"https:\/\/tagesfamilien-risa.ch\/index.php?rest_route=%2Fwp%2Fv2%2Fmedia&parent=278"}],"wp:term":[{"taxonomy":"category","embeddable":true,"href":"https:\/\/tagesfamilien-risa.ch\/index.php?rest_route=%2Fwp%2Fv2%2Fcategories&post=278"},{"taxonomy":"post_tag","embeddable":true,"href":"https:\/\/tagesfamilien-risa.ch\/index.php?rest_route=%2Fwp%2Fv2%2Ftags&post=278"}],"curies":[{"name":"wp","href":"https:\/\/api.w.org\/{rel}","templated":true}]}}