{"id":201,"date":"2021-12-25T19:09:47","date_gmt":"2021-12-25T17:09:47","guid":{"rendered":"https:\/\/tagesfamilien-risa.ch\/?p=201"},"modified":"2024-11-27T18:11:15","modified_gmt":"2024-11-27T16:11:15","slug":"unsere-jubilarinnen","status":"publish","type":"post","link":"https:\/\/tagesfamilien-risa.ch\/?p=201","title":{"rendered":"Unsere Jubilarinnen"},"content":{"rendered":"\n<div class=\"wp-block-group is-vertical is-layout-flex wp-container-core-group-is-layout-8cf370e7 wp-block-group-is-layout-flex\">\n<div class=\"wp-block-group is-vertical is-layout-flex wp-container-core-group-is-layout-8cf370e7 wp-block-group-is-layout-flex\">\n<p>Der Tagesfamilienverein Richterswil-Samstagern wurde am 2. Juni 2010 gegr\u00fcndet.<br>Und bereits d\u00fcrfen wir drei Betreuungspersonen zu ihrem 10j\u00e4hrigen Jubil\u00e4um gratulieren! Es sind:<br>Any.S. Kalcher-Weiler, die seit August 2010 f\u00fcr den Verein als Betreuungsperson f\u00fcr Tageskinder arbeitet.<br>Leonor Gm\u00fcr, welche ab November 2010 in unserem Verein als Betreuungsperson in Tagesfamilien angestellt ist.<br>Mukta Ciccardini, die seit November 2011 als Betreuungsperson in unserem Verein t\u00e4tig ist.<\/p>\n\n\n\n<p>Wir danken den drei Frauen ganz herzlich f\u00fcr ihren Einsatz und freuen uns, dass sie weiterhin f\u00fcr uns t\u00e4tig sind.<br><\/p>\n<\/div>\n\n\n\n<figure class=\"wp-block-gallery has-nested-images columns-default is-cropped wp-block-gallery-1 is-layout-flex wp-block-gallery-is-layout-flex\">\n<figure class=\"wp-block-image size-large\"><img loading=\"lazy\" decoding=\"async\" width=\"854\" height=\"1024\" data-id=\"191\" src=\"https:\/\/tagesfamilien-risa.ch\/wp-content\/uploads\/2021\/12\/IMG_3638-854x1024.jpeg\" alt=\"\" class=\"wp-image-191\" srcset=\"https:\/\/tagesfamilien-risa.ch\/wp-content\/uploads\/2021\/12\/IMG_3638-854x1024.jpeg 854w, https:\/\/tagesfamilien-risa.ch\/wp-content\/uploads\/2021\/12\/IMG_3638-250x300.jpeg 250w, https:\/\/tagesfamilien-risa.ch\/wp-content\/uploads\/2021\/12\/IMG_3638-768x921.jpeg 768w, https:\/\/tagesfamilien-risa.ch\/wp-content\/uploads\/2021\/12\/IMG_3638-1280x1536.jpeg 1280w, https:\/\/tagesfamilien-risa.ch\/wp-content\/uploads\/2021\/12\/IMG_3638-1707x2048.jpeg 1707w\" sizes=\"auto, (max-width: 854px) 100vw, 854px\" \/><\/figure>\n\n\n\n<figure class=\"wp-block-image size-large\"><img loading=\"lazy\" decoding=\"async\" width=\"1024\" height=\"769\" data-id=\"190\" src=\"https:\/\/tagesfamilien-risa.ch\/wp-content\/uploads\/2021\/12\/IMG_6611-1024x769.jpeg\" alt=\"\" class=\"wp-image-190\" srcset=\"https:\/\/tagesfamilien-risa.ch\/wp-content\/uploads\/2021\/12\/IMG_6611-1024x769.jpeg 1024w, https:\/\/tagesfamilien-risa.ch\/wp-content\/uploads\/2021\/12\/IMG_6611-300x225.jpeg 300w, https:\/\/tagesfamilien-risa.ch\/wp-content\/uploads\/2021\/12\/IMG_6611-768x577.jpeg 768w, https:\/\/tagesfamilien-risa.ch\/wp-content\/uploads\/2021\/12\/IMG_6611-1536x1154.jpeg 1536w, https:\/\/tagesfamilien-risa.ch\/wp-content\/uploads\/2021\/12\/IMG_6611-2048x1539.jpeg 2048w\" sizes=\"auto, (max-width: 1024px) 100vw, 1024px\" \/><\/figure>\n\n\n\n<figure class=\"wp-block-image size-large\"><img loading=\"lazy\" decoding=\"async\" width=\"1024\" height=\"768\" data-id=\"192\" src=\"https:\/\/tagesfamilien-risa.ch\/wp-content\/uploads\/2021\/12\/IMG_8584-1024x768.jpg\" alt=\"\" class=\"wp-image-192\" srcset=\"https:\/\/tagesfamilien-risa.ch\/wp-content\/uploads\/2021\/12\/IMG_8584-1024x768.jpg 1024w, https:\/\/tagesfamilien-risa.ch\/wp-content\/uploads\/2021\/12\/IMG_8584-300x225.jpg 300w, https:\/\/tagesfamilien-risa.ch\/wp-content\/uploads\/2021\/12\/IMG_8584-768x576.jpg 768w, https:\/\/tagesfamilien-risa.ch\/wp-content\/uploads\/2021\/12\/IMG_8584-1536x1152.jpg 1536w, https:\/\/tagesfamilien-risa.ch\/wp-content\/uploads\/2021\/12\/IMG_8584-2048x1536.jpg 2048w\" sizes=\"auto, (max-width: 1024px) 100vw, 1024px\" \/><\/figure>\n<\/figure>\n<\/div>\n","protected":false},"excerpt":{"rendered":"<p>Der Tagesfamilienverein Richterswil-Samstagern wurde am 2. Juni 2010 gegr\u00fcndet.Und bereits d\u00fcrfen wir drei Betreuungspersonen zu ihrem 10j\u00e4hrigen Jubil\u00e4um gratulieren! Es sind:Any.S. Kalcher-Weiler, die seit August 2010 f\u00fcr den Verein als Betreuungsperson f\u00fcr Tageskinder arbeitet.Leonor Gm\u00fcr, welche ab November 2010 in unserem Verein als Betreuungsperson in Tagesfamilien angestellt ist.Mukta Ciccardini, die seit November 2011 als Betreuungsperson &hellip; <a href=\"https:\/\/tagesfamilien-risa.ch\/?p=201\" class=\"more-link\"><span class=\"screen-reader-text\">Unsere Jubilarinnen<\/span> weiterlesen<\/a><\/p>\n","protected":false},"author":3,"featured_media":0,"comment_status":"closed","ping_status":"closed","sticky":false,"template":"","format":"standard","meta":{"footnotes":""},"categories":[1],"tags":[],"class_list":["post-201","post","type-post","status-publish","format-standard","hentry","category-uncategorized"],"yoast_head":"<!-- This site is optimized with the Yoast SEO plugin v27.4 - https:\/\/yoast.com\/product\/yoast-seo-wordpress\/ -->\n<title>Unsere Jubilarinnen - Tagesfamilienverein Richterswil-Samstagern<\/title>\n<meta name=\"robots\" content=\"index, follow, max-snippet:-1, max-image-preview:large, max-video-preview:-1\" \/>\n<link rel=\"canonical\" href=\"https:\/\/tagesfamilien-risa.ch\/?p=201\" \/>\n<meta property=\"og:locale\" content=\"de_DE\" \/>\n<meta property=\"og:type\" content=\"article\" \/>\n<meta property=\"og:title\" content=\"Unsere Jubilarinnen - Tagesfamilienverein Richterswil-Samstagern\" \/>\n<meta property=\"og:description\" content=\"Der Tagesfamilienverein Richterswil-Samstagern wurde am 2. Juni 2010 gegr\u00fcndet.Und bereits d\u00fcrfen wir drei Betreuungspersonen zu ihrem 10j\u00e4hrigen Jubil\u00e4um gratulieren! Es sind:Any.S. Kalcher-Weiler, die seit August 2010 f\u00fcr den Verein als Betreuungsperson f\u00fcr Tageskinder arbeitet.Leonor Gm\u00fcr, welche ab November 2010 in unserem Verein als Betreuungsperson in Tagesfamilien angestellt ist.Mukta Ciccardini, die seit November 2011 als Betreuungsperson &hellip; Unsere Jubilarinnen weiterlesen\" \/>\n<meta property=\"og:url\" content=\"https:\/\/tagesfamilien-risa.ch\/?p=201\" \/>\n<meta property=\"og:site_name\" content=\"Tagesfamilienverein Richterswil-Samstagern\" \/>\n<meta property=\"article:published_time\" content=\"2021-12-25T17:09:47+00:00\" \/>\n<meta property=\"article:modified_time\" content=\"2024-11-27T16:11:15+00:00\" \/>\n<meta property=\"og:image\" content=\"https:\/\/tagesfamilien-risa.ch\/wp-content\/uploads\/2021\/12\/IMG_3638-scaled.jpeg\" \/>\n\t<meta property=\"og:image:width\" content=\"2134\" \/>\n\t<meta property=\"og:image:height\" content=\"2560\" \/>\n\t<meta property=\"og:image:type\" content=\"image\/jpeg\" \/>\n<meta name=\"author\" content=\"TFV Editor\" \/>\n<meta name=\"twitter:card\" content=\"summary_large_image\" \/>\n<meta name=\"twitter:label1\" content=\"Verfasst von\" \/>\n\t<meta name=\"twitter:data1\" content=\"TFV Editor\" \/>\n<script type=\"application\/ld+json\" class=\"yoast-schema-graph\">{\"@context\":\"https:\\\/\\\/schema.org\",\"@graph\":[{\"@type\":\"Article\",\"@id\":\"https:\\\/\\\/tagesfamilien-risa.ch\\\/?p=201#article\",\"isPartOf\":{\"@id\":\"https:\\\/\\\/tagesfamilien-risa.ch\\\/?p=201\"},\"author\":{\"name\":\"TFV Editor\",\"@id\":\"https:\\\/\\\/tagesfamilien-risa.ch\\\/#\\\/schema\\\/person\\\/61c36b744af003f7b81bcebcdfdbc45d\"},\"headline\":\"Unsere Jubilarinnen\",\"datePublished\":\"2021-12-25T17:09:47+00:00\",\"dateModified\":\"2024-11-27T16:11:15+00:00\",\"mainEntityOfPage\":{\"@id\":\"https:\\\/\\\/tagesfamilien-risa.ch\\\/?p=201\"},\"wordCount\":93,\"publisher\":{\"@id\":\"https:\\\/\\\/tagesfamilien-risa.ch\\\/#organization\"},\"image\":{\"@id\":\"https:\\\/\\\/tagesfamilien-risa.ch\\\/?p=201#primaryimage\"},\"thumbnailUrl\":\"https:\\\/\\\/tagesfamilien-risa.ch\\\/wp-content\\\/uploads\\\/2021\\\/12\\\/IMG_3638-854x1024.jpeg\",\"articleSection\":[\"Uncategorized\"],\"inLanguage\":\"de\"},{\"@type\":\"WebPage\",\"@id\":\"https:\\\/\\\/tagesfamilien-risa.ch\\\/?p=201\",\"url\":\"https:\\\/\\\/tagesfamilien-risa.ch\\\/?p=201\",\"name\":\"Unsere Jubilarinnen - Tagesfamilienverein Richterswil-Samstagern\",\"isPartOf\":{\"@id\":\"https:\\\/\\\/tagesfamilien-risa.ch\\\/#website\"},\"primaryImageOfPage\":{\"@id\":\"https:\\\/\\\/tagesfamilien-risa.ch\\\/?p=201#primaryimage\"},\"image\":{\"@id\":\"https:\\\/\\\/tagesfamilien-risa.ch\\\/?p=201#primaryimage\"},\"thumbnailUrl\":\"https:\\\/\\\/tagesfamilien-risa.ch\\\/wp-content\\\/uploads\\\/2021\\\/12\\\/IMG_3638-854x1024.jpeg\",\"datePublished\":\"2021-12-25T17:09:47+00:00\",\"dateModified\":\"2024-11-27T16:11:15+00:00\",\"breadcrumb\":{\"@id\":\"https:\\\/\\\/tagesfamilien-risa.ch\\\/?p=201#breadcrumb\"},\"inLanguage\":\"de\",\"potentialAction\":[{\"@type\":\"ReadAction\",\"target\":[\"https:\\\/\\\/tagesfamilien-risa.ch\\\/?p=201\"]}]},{\"@type\":\"ImageObject\",\"inLanguage\":\"de\",\"@id\":\"https:\\\/\\\/tagesfamilien-risa.ch\\\/?p=201#primaryimage\",\"url\":\"https:\\\/\\\/tagesfamilien-risa.ch\\\/wp-content\\\/uploads\\\/2021\\\/12\\\/IMG_3638-scaled.jpeg\",\"contentUrl\":\"https:\\\/\\\/tagesfamilien-risa.ch\\\/wp-content\\\/uploads\\\/2021\\\/12\\\/IMG_3638-scaled.jpeg\",\"width\":2134,\"height\":2560},{\"@type\":\"BreadcrumbList\",\"@id\":\"https:\\\/\\\/tagesfamilien-risa.ch\\\/?p=201#breadcrumb\",\"itemListElement\":[{\"@type\":\"ListItem\",\"position\":1,\"name\":\"Startseite\",\"item\":\"https:\\\/\\\/tagesfamilien-risa.ch\\\/\"},{\"@type\":\"ListItem\",\"position\":2,\"name\":\"Unsere Jubilarinnen\"}]},{\"@type\":\"WebSite\",\"@id\":\"https:\\\/\\\/tagesfamilien-risa.ch\\\/#website\",\"url\":\"https:\\\/\\\/tagesfamilien-risa.ch\\\/\",\"name\":\"Tagesfamilienverein Richterswil-Samstagern\",\"description\":\"\",\"publisher\":{\"@id\":\"https:\\\/\\\/tagesfamilien-risa.ch\\\/#organization\"},\"potentialAction\":[{\"@type\":\"SearchAction\",\"target\":{\"@type\":\"EntryPoint\",\"urlTemplate\":\"https:\\\/\\\/tagesfamilien-risa.ch\\\/?s={search_term_string}\"},\"query-input\":{\"@type\":\"PropertyValueSpecification\",\"valueRequired\":true,\"valueName\":\"search_term_string\"}}],\"inLanguage\":\"de\"},{\"@type\":\"Organization\",\"@id\":\"https:\\\/\\\/tagesfamilien-risa.ch\\\/#organization\",\"name\":\"Tagesfamilienverein Richterswil-Samstagern\",\"url\":\"https:\\\/\\\/tagesfamilien-risa.ch\\\/\",\"logo\":{\"@type\":\"ImageObject\",\"inLanguage\":\"de\",\"@id\":\"https:\\\/\\\/tagesfamilien-risa.ch\\\/#\\\/schema\\\/logo\\\/image\\\/\",\"url\":\"https:\\\/\\\/tagesfamilien-risa.ch\\\/wp-content\\\/uploads\\\/2021\\\/08\\\/cropped-cropped-Screenshot-2021-06-16-at-22.58.11.png\",\"contentUrl\":\"https:\\\/\\\/tagesfamilien-risa.ch\\\/wp-content\\\/uploads\\\/2021\\\/08\\\/cropped-cropped-Screenshot-2021-06-16-at-22.58.11.png\",\"width\":1048,\"height\":87,\"caption\":\"Tagesfamilienverein Richterswil-Samstagern\"},\"image\":{\"@id\":\"https:\\\/\\\/tagesfamilien-risa.ch\\\/#\\\/schema\\\/logo\\\/image\\\/\"}},{\"@type\":\"Person\",\"@id\":\"https:\\\/\\\/tagesfamilien-risa.ch\\\/#\\\/schema\\\/person\\\/61c36b744af003f7b81bcebcdfdbc45d\",\"name\":\"TFV Editor\",\"url\":\"https:\\\/\\\/tagesfamilien-risa.ch\\\/?author=3\"}]}<\/script>\n<!-- \/ Yoast SEO plugin. -->","yoast_head_json":{"title":"Unsere Jubilarinnen - Tagesfamilienverein Richterswil-Samstagern","robots":{"index":"index","follow":"follow","max-snippet":"max-snippet:-1","max-image-preview":"max-image-preview:large","max-video-preview":"max-video-preview:-1"},"canonical":"https:\/\/tagesfamilien-risa.ch\/?p=201","og_locale":"de_DE","og_type":"article","og_title":"Unsere Jubilarinnen - Tagesfamilienverein Richterswil-Samstagern","og_description":"Der Tagesfamilienverein Richterswil-Samstagern wurde am 2. Juni 2010 gegr\u00fcndet.Und bereits d\u00fcrfen wir drei Betreuungspersonen zu ihrem 10j\u00e4hrigen Jubil\u00e4um gratulieren! Es sind:Any.S. Kalcher-Weiler, die seit August 2010 f\u00fcr den Verein als Betreuungsperson f\u00fcr Tageskinder arbeitet.Leonor Gm\u00fcr, welche ab November 2010 in unserem Verein als Betreuungsperson in Tagesfamilien angestellt ist.Mukta Ciccardini, die seit November 2011 als Betreuungsperson &hellip; Unsere Jubilarinnen weiterlesen","og_url":"https:\/\/tagesfamilien-risa.ch\/?p=201","og_site_name":"Tagesfamilienverein Richterswil-Samstagern","article_published_time":"2021-12-25T17:09:47+00:00","article_modified_time":"2024-11-27T16:11:15+00:00","og_image":[{"width":2134,"height":2560,"url":"https:\/\/tagesfamilien-risa.ch\/wp-content\/uploads\/2021\/12\/IMG_3638-scaled.jpeg","type":"image\/jpeg"}],"author":"TFV Editor","twitter_card":"summary_large_image","twitter_misc":{"Verfasst von":"TFV Editor"},"schema":{"@context":"https:\/\/schema.org","@graph":[{"@type":"Article","@id":"https:\/\/tagesfamilien-risa.ch\/?p=201#article","isPartOf":{"@id":"https:\/\/tagesfamilien-risa.ch\/?p=201"},"author":{"name":"TFV Editor","@id":"https:\/\/tagesfamilien-risa.ch\/#\/schema\/person\/61c36b744af003f7b81bcebcdfdbc45d"},"headline":"Unsere Jubilarinnen","datePublished":"2021-12-25T17:09:47+00:00","dateModified":"2024-11-27T16:11:15+00:00","mainEntityOfPage":{"@id":"https:\/\/tagesfamilien-risa.ch\/?p=201"},"wordCount":93,"publisher":{"@id":"https:\/\/tagesfamilien-risa.ch\/#organization"},"image":{"@id":"https:\/\/tagesfamilien-risa.ch\/?p=201#primaryimage"},"thumbnailUrl":"https:\/\/tagesfamilien-risa.ch\/wp-content\/uploads\/2021\/12\/IMG_3638-854x1024.jpeg","articleSection":["Uncategorized"],"inLanguage":"de"},{"@type":"WebPage","@id":"https:\/\/tagesfamilien-risa.ch\/?p=201","url":"https:\/\/tagesfamilien-risa.ch\/?p=201","name":"Unsere Jubilarinnen - Tagesfamilienverein Richterswil-Samstagern","isPartOf":{"@id":"https:\/\/tagesfamilien-risa.ch\/#website"},"primaryImageOfPage":{"@id":"https:\/\/tagesfamilien-risa.ch\/?p=201#primaryimage"},"image":{"@id":"https:\/\/tagesfamilien-risa.ch\/?p=201#primaryimage"},"thumbnailUrl":"https:\/\/tagesfamilien-risa.ch\/wp-content\/uploads\/2021\/12\/IMG_3638-854x1024.jpeg","datePublished":"2021-12-25T17:09:47+00:00","dateModified":"2024-11-27T16:11:15+00:00","breadcrumb":{"@id":"https:\/\/tagesfamilien-risa.ch\/?p=201#breadcrumb"},"inLanguage":"de","potentialAction":[{"@type":"ReadAction","target":["https:\/\/tagesfamilien-risa.ch\/?p=201"]}]},{"@type":"ImageObject","inLanguage":"de","@id":"https:\/\/tagesfamilien-risa.ch\/?p=201#primaryimage","url":"https:\/\/tagesfamilien-risa.ch\/wp-content\/uploads\/2021\/12\/IMG_3638-scaled.jpeg","contentUrl":"https:\/\/tagesfamilien-risa.ch\/wp-content\/uploads\/2021\/12\/IMG_3638-scaled.jpeg","width":2134,"height":2560},{"@type":"BreadcrumbList","@id":"https:\/\/tagesfamilien-risa.ch\/?p=201#breadcrumb","itemListElement":[{"@type":"ListItem","position":1,"name":"Startseite","item":"https:\/\/tagesfamilien-risa.ch\/"},{"@type":"ListItem","position":2,"name":"Unsere Jubilarinnen"}]},{"@type":"WebSite","@id":"https:\/\/tagesfamilien-risa.ch\/#website","url":"https:\/\/tagesfamilien-risa.ch\/","name":"Tagesfamilienverein Richterswil-Samstagern","description":"","publisher":{"@id":"https:\/\/tagesfamilien-risa.ch\/#organization"},"potentialAction":[{"@type":"SearchAction","target":{"@type":"EntryPoint","urlTemplate":"https:\/\/tagesfamilien-risa.ch\/?s={search_term_string}"},"query-input":{"@type":"PropertyValueSpecification","valueRequired":true,"valueName":"search_term_string"}}],"inLanguage":"de"},{"@type":"Organization","@id":"https:\/\/tagesfamilien-risa.ch\/#organization","name":"Tagesfamilienverein Richterswil-Samstagern","url":"https:\/\/tagesfamilien-risa.ch\/","logo":{"@type":"ImageObject","inLanguage":"de","@id":"https:\/\/tagesfamilien-risa.ch\/#\/schema\/logo\/image\/","url":"https:\/\/tagesfamilien-risa.ch\/wp-content\/uploads\/2021\/08\/cropped-cropped-Screenshot-2021-06-16-at-22.58.11.png","contentUrl":"https:\/\/tagesfamilien-risa.ch\/wp-content\/uploads\/2021\/08\/cropped-cropped-Screenshot-2021-06-16-at-22.58.11.png","width":1048,"height":87,"caption":"Tagesfamilienverein Richterswil-Samstagern"},"image":{"@id":"https:\/\/tagesfamilien-risa.ch\/#\/schema\/logo\/image\/"}},{"@type":"Person","@id":"https:\/\/tagesfamilien-risa.ch\/#\/schema\/person\/61c36b744af003f7b81bcebcdfdbc45d","name":"TFV Editor","url":"https:\/\/tagesfamilien-risa.ch\/?author=3"}]}},"_links":{"self":[{"href":"https:\/\/tagesfamilien-risa.ch\/index.php?rest_route=\/wp\/v2\/posts\/201","targetHints":{"allow":["GET"]}}],"collection":[{"href":"https:\/\/tagesfamilien-risa.ch\/index.php?rest_route=\/wp\/v2\/posts"}],"about":[{"href":"https:\/\/tagesfamilien-risa.ch\/index.php?rest_route=\/wp\/v2\/types\/post"}],"author":[{"embeddable":true,"href":"https:\/\/tagesfamilien-risa.ch\/index.php?rest_route=\/wp\/v2\/users\/3"}],"replies":[{"embeddable":true,"href":"https:\/\/tagesfamilien-risa.ch\/index.php?rest_route=%2Fwp%2Fv2%2Fcomments&post=201"}],"version-history":[{"count":3,"href":"https:\/\/tagesfamilien-risa.ch\/index.php?rest_route=\/wp\/v2\/posts\/201\/revisions"}],"predecessor-version":[{"id":478,"href":"https:\/\/tagesfamilien-risa.ch\/index.php?rest_route=\/wp\/v2\/posts\/201\/revisions\/478"}],"wp:attachment":[{"href":"https:\/\/tagesfamilien-risa.ch\/index.php?rest_route=%2Fwp%2Fv2%2Fmedia&parent=201"}],"wp:term":[{"taxonomy":"category","embeddable":true,"href":"https:\/\/tagesfamilien-risa.ch\/index.php?rest_route=%2Fwp%2Fv2%2Fcategories&post=201"},{"taxonomy":"post_tag","embeddable":true,"href":"https:\/\/tagesfamilien-risa.ch\/index.php?rest_route=%2Fwp%2Fv2%2Ftags&post=201"}],"curies":[{"name":"wp","href":"https:\/\/api.w.org\/{rel}","templated":true}]}}